{"id":9288,"date":"2023-08-31T12:40:51","date_gmt":"2023-08-31T11:40:51","guid":{"rendered":"https:\/\/www.estherschollum.at\/?p=9288"},"modified":"2023-08-31T12:40:51","modified_gmt":"2023-08-31T11:40:51","slug":"johannes-wildner-in-greenland-and-the-faroe-islands","status":"publish","type":"post","link":"https:\/\/www.estherschollum.at\/en\/news\/johannes-wildner-in-greenland-and-the-faroe-islands\/","title":{"rendered":"Johannes Wildner in Greenland and the Faroe Islands"},"content":{"rendered":"<table class=\"module-6\" cellspacing=\"0\" cellpadding=\"0\" align=\"left\">\n<tbody>\n<tr>\n<td class=\"combo-image\">\n<div class=\"image-container\" align=\"center\">\n<p align=\"left\">\n<\/div>\n<\/td>\n<\/tr>\n<\/tbody>\n<\/table>\n<p align=\"left\">In celebration of its sixtieth anniversary, the\u00a0<a href=\"https:\/\/sdjsymfoni.dk\/concert\/saesonaabning-2023-4-2\/\" target=\"_blank\" rel=\"noopener\"><strong>South Denmark Philharmonic<\/strong><\/a>, under the direction of its chief conductor\u00a0<a href=\"https:\/\/www.estherschollum.at\/artists\/johannes-wildner\/\" target=\"_blank\" rel=\"noopener\"><strong>Johannes Wildner<\/strong><\/a>, embarks on a tour to the autonomous regions of Greenland and the Faroe Islands. The orchestra will perform concerts featuring works by composers such as Ludwig van Beethoven, Carl Nielsen, Anton\u00edn Dvo\u0159\u00e1k, and Lil Lacy who was commissioned to write a piece honoring the occasion.<\/p>\n<p align=\"left\">Concluding his ten-year tenure at Oper Burg Gars, Johannes Wildner will present a\u00a0<a href=\"https:\/\/operburggars.reservix.at\/tickets-schubertiade-wildner-nimmt-abschied-in-gars-am-kamp-festsaal-burg-gars-am-23-9-2023\/e2011977\" target=\"_blank\" rel=\"noopener\"><strong>Schubertiade<\/strong><\/a>\u00a0in the festival hall of Burg Gars, bidding farewell with a chamber music evening alongside friends and companions.<\/p>\n<h2 align=\"left\">South Denmark Philharmonic<\/h2>\n<p align=\"left\"><a href=\"https:\/\/sdjsymfoni.dk\/concert\/saesonaabning-2023-4-2\/\" target=\"_blank\" rel=\"noopener\">Season Opening\u202f\u2014\u2009Sixtieth Anniversary!<\/a><br \/>\nLil Lacy: Overture for the South Denmark Philharmonic (S\u00f8nderborg and Haderslev)<br \/>\nLudwig van Beethoven: Leonore Overture No. 3 op. 72 (T\u00f3rshavn and Nuuk)<br \/>\nCarl Nielsen: Violin Concerto op. 33<br \/>\nAnton\u00edn Dvo\u0159\u00e1k: Symphony No. 9, op. 95, E minor<\/p>\n<p align=\"left\"><a href=\"https:\/\/www.estherschollum.at\/artists\/johannes-wildner\/\" target=\"_blank\" rel=\"noopener\"><strong>Johannes Wildner<\/strong><\/a>: conductor<br \/>\nJosef \u0160pa\u010dek (S\u00f8nderborg and T\u00f3rshavn): violin<br \/>\nNiklas Walentin (Nuuk and Haderslev): violin<\/p>\n<p align=\"left\"><strong>Sep 7<\/strong>, Alsion, S\u00f8nderborg.<br \/>\n<strong>Sep 13<\/strong>, Nordic House, T\u00f3rshavn.<br \/>\n<strong>Sep 18<\/strong>, Katuaq, Nuuk.<br \/>\n<strong>Sep 21<\/strong>, Harmonien, Haderslev.<\/p>\n<h2 align=\"left\">Oper Burg Gars<\/h2>\n<p align=\"left\"><a href=\"https:\/\/operburggars.reservix.at\/tickets-schubertiade-wildner-nimmt-abschied-in-gars-am-kamp-festsaal-burg-gars-am-23-9-2023\/e2011977\" target=\"_blank\" rel=\"noopener\">Schubertiade\u202f\u2014\u2009Wildner Bids Farewell<\/a><br \/>\nA chamber music evening with Johannes Wildner and friends<br \/>\n<strong>Sep 23.<\/strong><\/p>\n","protected":false},"excerpt":{"rendered":"<p>In celebration of its sixtieth anniversary, the\u00a0South Denmark Philharmonic, under the direction of its chief conductor\u00a0Johannes Wildner, embarks on a\u2026<\/p>\n","protected":false},"author":8,"featured_media":0,"comment_status":"closed","ping_status":"closed","sticky":false,"template":"","format":"standard","meta":{"_monsterinsights_skip_tracking":false,"_monsterinsights_sitenote_active":false,"_monsterinsights_sitenote_note":"","_monsterinsights_sitenote_category":0},"categories":[162],"acf":[],"yoast_head":"<!-- This site is optimized with the Yoast SEO plugin v17.7 - https:\/\/yoast.com\/wordpress\/plugins\/seo\/ -->\n<title>Johannes Wildner in Greenland and the Faroe Islands - Esther Schollum Artists Management Wien<\/title>\n<meta name=\"robots\" content=\"index, follow, max-snippet:-1, max-image-preview:large, max-video-preview:-1\" \/>\n<link rel=\"canonical\" href=\"https:\/\/www.estherschollum.at\/en\/news\/johannes-wildner-in-greenland-and-the-faroe-islands\/\" \/>\n<meta property=\"og:locale\" content=\"en_US\" \/>\n<meta property=\"og:title\" content=\"Johannes Wildner in Greenland and the Faroe Islands - Esther Schollum Artists Management Wien\" \/>\n<meta property=\"og:description\" content=\"In celebration of its sixtieth anniversary, the\u00a0South Denmark Philharmonic, under the direction of its chief conductor\u00a0Johannes Wildner, embarks on a\u2026\" \/>\n<meta property=\"og:url\" content=\"https:\/\/www.estherschollum.at\/en\/news\/johannes-wildner-in-greenland-and-the-faroe-islands\/\" \/>\n<meta property=\"og:site_name\" content=\"Esther Schollum Artists Management Wien\" \/>\n<meta property=\"article:published_time\" content=\"2023-08-31T11:40:51+00:00\" \/>\n<meta name=\"twitter:card\" content=\"summary_large_image\" \/>\n<meta name=\"twitter:label1\" content=\"Written by\" \/>\n\t<meta name=\"twitter:data1\" content=\"Martina Genb\u00f6ck\" \/>\n\t<meta name=\"twitter:label2\" content=\"Est. reading time\" \/>\n\t<meta name=\"twitter:data2\" content=\"1 minute\" \/>\n<script type=\"application\/ld+json\" class=\"yoast-schema-graph\">{\"@context\":\"https:\/\/schema.org\",\"@graph\":[{\"@type\":\"WebSite\",\"@id\":\"https:\/\/www.estherschollum.at\/#website\",\"url\":\"https:\/\/www.estherschollum.at\/\",\"name\":\"Esther Schollum Artists Management Wien\",\"description\":\"Esther Schollum Artists Management\",\"potentialAction\":[{\"@type\":\"SearchAction\",\"target\":{\"@type\":\"EntryPoint\",\"urlTemplate\":\"https:\/\/www.estherschollum.at\/?s={search_term_string}\"},\"query-input\":\"required name=search_term_string\"}],\"inLanguage\":\"en-US\"},{\"@type\":\"WebPage\",\"@id\":\"https:\/\/www.estherschollum.at\/en\/news\/johannes-wildner-in-greenland-and-the-faroe-islands\/#webpage\",\"url\":\"https:\/\/www.estherschollum.at\/en\/news\/johannes-wildner-in-greenland-and-the-faroe-islands\/\",\"name\":\"Johannes Wildner in Greenland and the Faroe Islands - Esther Schollum Artists Management Wien\",\"isPartOf\":{\"@id\":\"https:\/\/www.estherschollum.at\/#website\"},\"datePublished\":\"2023-08-31T11:40:51+00:00\",\"dateModified\":\"2023-08-31T11:40:51+00:00\",\"author\":{\"@id\":\"https:\/\/www.estherschollum.at\/#\/schema\/person\/70a628d405a7c3af7ca2a4f95de7148c\"},\"breadcrumb\":{\"@id\":\"https:\/\/www.estherschollum.at\/en\/news\/johannes-wildner-in-greenland-and-the-faroe-islands\/#breadcrumb\"},\"inLanguage\":\"en-US\",\"potentialAction\":[{\"@type\":\"ReadAction\",\"target\":[\"https:\/\/www.estherschollum.at\/en\/news\/johannes-wildner-in-greenland-and-the-faroe-islands\/\"]}]},{\"@type\":\"BreadcrumbList\",\"@id\":\"https:\/\/www.estherschollum.at\/en\/news\/johannes-wildner-in-greenland-and-the-faroe-islands\/#breadcrumb\",\"itemListElement\":[{\"@type\":\"ListItem\",\"position\":1,\"name\":\"Home\",\"item\":\"https:\/\/www.estherschollum.at\/en\/\"},{\"@type\":\"ListItem\",\"position\":2,\"name\":\"Johannes Wildner in Greenland and the Faroe Islands\"}]},{\"@type\":\"Person\",\"@id\":\"https:\/\/www.estherschollum.at\/#\/schema\/person\/70a628d405a7c3af7ca2a4f95de7148c\",\"name\":\"Martina Genb\\u00f6ck\",\"image\":{\"@type\":\"ImageObject\",\"@id\":\"https:\/\/www.estherschollum.at\/#personlogo\",\"inLanguage\":\"en-US\",\"url\":\"https:\/\/secure.gravatar.com\/avatar\/8d42d23102ef5e33c8f2402c6ee495fd?s=96&d=mm&r=g\",\"contentUrl\":\"https:\/\/secure.gravatar.com\/avatar\/8d42d23102ef5e33c8f2402c6ee495fd?s=96&d=mm&r=g\",\"caption\":\"Martina Genb\\u00f6ck\"},\"sameAs\":[\"http:\/\/host-107245.webhosting.magentabusiness.at\/estherschollum.at\"],\"url\":\"https:\/\/www.estherschollum.at\/en\/news\/author\/gruber\/\"}]}<\/script>\n<!-- \/ Yoast SEO plugin. -->","yoast_head_json":{"title":"Johannes Wildner in Greenland and the Faroe Islands - Esther Schollum Artists Management Wien","robots":{"index":"index","follow":"follow","max-snippet":"max-snippet:-1","max-image-preview":"max-image-preview:large","max-video-preview":"max-video-preview:-1"},"canonical":"https:\/\/www.estherschollum.at\/en\/news\/johannes-wildner-in-greenland-and-the-faroe-islands\/","og_locale":"en_US","og_title":"Johannes Wildner in Greenland and the Faroe Islands - Esther Schollum Artists Management Wien","og_description":"In celebration of its sixtieth anniversary, the\u00a0South Denmark Philharmonic, under the direction of its chief conductor\u00a0Johannes Wildner, embarks on a\u2026","og_url":"https:\/\/www.estherschollum.at\/en\/news\/johannes-wildner-in-greenland-and-the-faroe-islands\/","og_site_name":"Esther Schollum Artists Management Wien","article_published_time":"2023-08-31T11:40:51+00:00","twitter_card":"summary_large_image","twitter_misc":{"Written by":"Martina Genb\u00f6ck","Est. reading time":"1 minute"},"schema":{"@context":"https:\/\/schema.org","@graph":[{"@type":"WebSite","@id":"https:\/\/www.estherschollum.at\/#website","url":"https:\/\/www.estherschollum.at\/","name":"Esther Schollum Artists Management Wien","description":"Esther Schollum Artists Management","potentialAction":[{"@type":"SearchAction","target":{"@type":"EntryPoint","urlTemplate":"https:\/\/www.estherschollum.at\/?s={search_term_string}"},"query-input":"required name=search_term_string"}],"inLanguage":"en-US"},{"@type":"WebPage","@id":"https:\/\/www.estherschollum.at\/en\/news\/johannes-wildner-in-greenland-and-the-faroe-islands\/#webpage","url":"https:\/\/www.estherschollum.at\/en\/news\/johannes-wildner-in-greenland-and-the-faroe-islands\/","name":"Johannes Wildner in Greenland and the Faroe Islands - Esther Schollum Artists Management Wien","isPartOf":{"@id":"https:\/\/www.estherschollum.at\/#website"},"datePublished":"2023-08-31T11:40:51+00:00","dateModified":"2023-08-31T11:40:51+00:00","author":{"@id":"https:\/\/www.estherschollum.at\/#\/schema\/person\/70a628d405a7c3af7ca2a4f95de7148c"},"breadcrumb":{"@id":"https:\/\/www.estherschollum.at\/en\/news\/johannes-wildner-in-greenland-and-the-faroe-islands\/#breadcrumb"},"inLanguage":"en-US","potentialAction":[{"@type":"ReadAction","target":["https:\/\/www.estherschollum.at\/en\/news\/johannes-wildner-in-greenland-and-the-faroe-islands\/"]}]},{"@type":"BreadcrumbList","@id":"https:\/\/www.estherschollum.at\/en\/news\/johannes-wildner-in-greenland-and-the-faroe-islands\/#breadcrumb","itemListElement":[{"@type":"ListItem","position":1,"name":"Home","item":"https:\/\/www.estherschollum.at\/en\/"},{"@type":"ListItem","position":2,"name":"Johannes Wildner in Greenland and the Faroe Islands"}]},{"@type":"Person","@id":"https:\/\/www.estherschollum.at\/#\/schema\/person\/70a628d405a7c3af7ca2a4f95de7148c","name":"Martina Genb\u00f6ck","image":{"@type":"ImageObject","@id":"https:\/\/www.estherschollum.at\/#personlogo","inLanguage":"en-US","url":"https:\/\/secure.gravatar.com\/avatar\/8d42d23102ef5e33c8f2402c6ee495fd?s=96&d=mm&r=g","contentUrl":"https:\/\/secure.gravatar.com\/avatar\/8d42d23102ef5e33c8f2402c6ee495fd?s=96&d=mm&r=g","caption":"Martina Genb\u00f6ck"},"sameAs":["http:\/\/host-107245.webhosting.magentabusiness.at\/estherschollum.at"],"url":"https:\/\/www.estherschollum.at\/en\/news\/author\/gruber\/"}]}},"_links":{"self":[{"href":"https:\/\/www.estherschollum.at\/en\/wp-json\/wp\/v2\/posts\/9288"}],"collection":[{"href":"https:\/\/www.estherschollum.at\/en\/wp-json\/wp\/v2\/posts"}],"about":[{"href":"https:\/\/www.estherschollum.at\/en\/wp-json\/wp\/v2\/types\/post"}],"author":[{"embeddable":true,"href":"https:\/\/www.estherschollum.at\/en\/wp-json\/wp\/v2\/users\/8"}],"replies":[{"embeddable":true,"href":"https:\/\/www.estherschollum.at\/en\/wp-json\/wp\/v2\/comments?post=9288"}],"version-history":[{"count":1,"href":"https:\/\/www.estherschollum.at\/en\/wp-json\/wp\/v2\/posts\/9288\/revisions"}],"predecessor-version":[{"id":9289,"href":"https:\/\/www.estherschollum.at\/en\/wp-json\/wp\/v2\/posts\/9288\/revisions\/9289"}],"wp:attachment":[{"href":"https:\/\/www.estherschollum.at\/en\/wp-json\/wp\/v2\/media?parent=9288"}],"wp:term":[{"taxonomy":"category","embeddable":true,"href":"https:\/\/www.estherschollum.at\/en\/wp-json\/wp\/v2\/categories?post=9288"}],"curies":[{"name":"wp","href":"https:\/\/api.w.org\/{rel}","templated":true}]}}