{"id":9036,"date":"2023-05-26T11:45:37","date_gmt":"2023-05-26T10:45:37","guid":{"rendered":"https:\/\/www.estherschollum.at\/?p=9036"},"modified":"2023-05-26T11:45:37","modified_gmt":"2023-05-26T10:45:37","slug":"wolfgang-stefan-schwaiger-as-papageno-at-the-oper-koeln","status":"publish","type":"post","link":"https:\/\/www.estherschollum.at\/en\/news\/wolfgang-stefan-schwaiger-as-papageno-at-the-oper-koeln\/","title":{"rendered":"Wolfgang Stefan Schwaiger as Papageno at the Oper K\u00f6ln"},"content":{"rendered":"<table class=\"module-12\" cellspacing=\"0\" cellpadding=\"0\" align=\"left\">\n<tbody>\n<tr>\n<td class=\"combo-image\">\n<div class=\"image-container\" align=\"center\">\n<p align=\"left\">\n<\/div>\n<\/td>\n<\/tr>\n<\/tbody>\n<\/table>\n<p align=\"left\">Baritone\u00a0<a href=\"https:\/\/www.estherschollum.at\/artists\/wolfgang-stefan-schwaiger\/\" target=\"_blank\" rel=\"noopener\"><strong>Wolfgang Stefan Schwaiger<\/strong><\/a>\u00a0returns to the stage of the Oper K\u00f6ln in the same r\u00f4le in which he introduced himself to his audience back when he started at the Opernstudio of the Oper K\u00f6ln, that is, as Papageno in Mozart\u2019s\u00a0<a href=\"https:\/\/www.oper.koeln\/de\/programm\/die-zauberflote\/6426\" target=\"_blank\" rel=\"noopener\">\u201cThe Magic Flute\u201d<\/a>; at the rostrum in this Michael Hampe production is Jordan de Souza.<\/p>\n<p align=\"left\"><strong>Oper K\u00f6ln<\/strong><br \/>\nWolfgang Amad\u00e9 Mozart:\u00a0<a href=\"https:\/\/www.oper.koeln\/de\/programm\/die-zauberflote\/6426\" target=\"_blank\" rel=\"noopener\">\u201cThe Magic Flute\u201d<\/a><br \/>\n<a href=\"https:\/\/www.estherschollum.at\/artists\/wolfgang-stefan-schwaiger\/\" target=\"_blank\" rel=\"noopener\">Wolfgang Stefan Schwaiger<\/a>: Papageno<br \/>\n<strong>May 27; June 1, 4, 8, 10, 14, 16.<\/strong><\/p>\n","protected":false},"excerpt":{"rendered":"<p>Baritone\u00a0Wolfgang Stefan Schwaiger\u00a0returns to the stage of the Oper K\u00f6ln in the same r\u00f4le in which he introduced himself to\u2026<\/p>\n","protected":false},"author":8,"featured_media":0,"comment_status":"closed","ping_status":"closed","sticky":false,"template":"","format":"standard","meta":{"_monsterinsights_skip_tracking":false,"_monsterinsights_sitenote_active":false,"_monsterinsights_sitenote_note":"","_monsterinsights_sitenote_category":0},"categories":[157],"acf":[],"yoast_head":"<!-- This site is optimized with the Yoast SEO plugin v17.7 - https:\/\/yoast.com\/wordpress\/plugins\/seo\/ -->\n<title>Wolfgang Stefan Schwaiger as Papageno at the Oper K\u00f6ln - Esther Schollum Artists Management Wien<\/title>\n<meta name=\"robots\" content=\"index, follow, max-snippet:-1, max-image-preview:large, max-video-preview:-1\" \/>\n<link rel=\"canonical\" href=\"https:\/\/www.estherschollum.at\/en\/news\/wolfgang-stefan-schwaiger-as-papageno-at-the-oper-koeln\/\" \/>\n<meta property=\"og:locale\" content=\"en_US\" \/>\n<meta property=\"og:title\" content=\"Wolfgang Stefan Schwaiger as Papageno at the Oper K\u00f6ln - Esther Schollum Artists Management Wien\" \/>\n<meta property=\"og:description\" content=\"Baritone\u00a0Wolfgang Stefan Schwaiger\u00a0returns to the stage of the Oper K\u00f6ln in the same r\u00f4le in which he introduced himself to\u2026\" \/>\n<meta property=\"og:url\" content=\"https:\/\/www.estherschollum.at\/en\/news\/wolfgang-stefan-schwaiger-as-papageno-at-the-oper-koeln\/\" \/>\n<meta property=\"og:site_name\" content=\"Esther Schollum Artists Management Wien\" \/>\n<meta property=\"article:published_time\" content=\"2023-05-26T10:45:37+00:00\" \/>\n<meta name=\"twitter:card\" content=\"summary_large_image\" \/>\n<meta name=\"twitter:label1\" content=\"Written by\" \/>\n\t<meta name=\"twitter:data1\" content=\"Martina Genb\u00f6ck\" \/>\n<script type=\"application\/ld+json\" class=\"yoast-schema-graph\">{\"@context\":\"https:\/\/schema.org\",\"@graph\":[{\"@type\":\"WebSite\",\"@id\":\"https:\/\/www.estherschollum.at\/#website\",\"url\":\"https:\/\/www.estherschollum.at\/\",\"name\":\"Esther Schollum Artists Management Wien\",\"description\":\"Esther Schollum Artists Management\",\"potentialAction\":[{\"@type\":\"SearchAction\",\"target\":{\"@type\":\"EntryPoint\",\"urlTemplate\":\"https:\/\/www.estherschollum.at\/?s={search_term_string}\"},\"query-input\":\"required name=search_term_string\"}],\"inLanguage\":\"en-US\"},{\"@type\":\"WebPage\",\"@id\":\"https:\/\/www.estherschollum.at\/en\/news\/wolfgang-stefan-schwaiger-as-papageno-at-the-oper-koeln\/#webpage\",\"url\":\"https:\/\/www.estherschollum.at\/en\/news\/wolfgang-stefan-schwaiger-as-papageno-at-the-oper-koeln\/\",\"name\":\"Wolfgang Stefan Schwaiger as Papageno at the Oper K\\u00f6ln - Esther Schollum Artists Management Wien\",\"isPartOf\":{\"@id\":\"https:\/\/www.estherschollum.at\/#website\"},\"datePublished\":\"2023-05-26T10:45:37+00:00\",\"dateModified\":\"2023-05-26T10:45:37+00:00\",\"author\":{\"@id\":\"https:\/\/www.estherschollum.at\/#\/schema\/person\/70a628d405a7c3af7ca2a4f95de7148c\"},\"breadcrumb\":{\"@id\":\"https:\/\/www.estherschollum.at\/en\/news\/wolfgang-stefan-schwaiger-as-papageno-at-the-oper-koeln\/#breadcrumb\"},\"inLanguage\":\"en-US\",\"potentialAction\":[{\"@type\":\"ReadAction\",\"target\":[\"https:\/\/www.estherschollum.at\/en\/news\/wolfgang-stefan-schwaiger-as-papageno-at-the-oper-koeln\/\"]}]},{\"@type\":\"BreadcrumbList\",\"@id\":\"https:\/\/www.estherschollum.at\/en\/news\/wolfgang-stefan-schwaiger-as-papageno-at-the-oper-koeln\/#breadcrumb\",\"itemListElement\":[{\"@type\":\"ListItem\",\"position\":1,\"name\":\"Home\",\"item\":\"https:\/\/www.estherschollum.at\/en\/\"},{\"@type\":\"ListItem\",\"position\":2,\"name\":\"Wolfgang Stefan Schwaiger as Papageno at the Oper K\\u00f6ln\"}]},{\"@type\":\"Person\",\"@id\":\"https:\/\/www.estherschollum.at\/#\/schema\/person\/70a628d405a7c3af7ca2a4f95de7148c\",\"name\":\"Martina Genb\\u00f6ck\",\"image\":{\"@type\":\"ImageObject\",\"@id\":\"https:\/\/www.estherschollum.at\/#personlogo\",\"inLanguage\":\"en-US\",\"url\":\"https:\/\/secure.gravatar.com\/avatar\/8d42d23102ef5e33c8f2402c6ee495fd?s=96&d=mm&r=g\",\"contentUrl\":\"https:\/\/secure.gravatar.com\/avatar\/8d42d23102ef5e33c8f2402c6ee495fd?s=96&d=mm&r=g\",\"caption\":\"Martina Genb\\u00f6ck\"},\"sameAs\":[\"http:\/\/host-107245.webhosting.magentabusiness.at\/estherschollum.at\"],\"url\":\"https:\/\/www.estherschollum.at\/en\/news\/author\/gruber\/\"}]}<\/script>\n<!-- \/ Yoast SEO plugin. -->","yoast_head_json":{"title":"Wolfgang Stefan Schwaiger as Papageno at the Oper K\u00f6ln - Esther Schollum Artists Management Wien","robots":{"index":"index","follow":"follow","max-snippet":"max-snippet:-1","max-image-preview":"max-image-preview:large","max-video-preview":"max-video-preview:-1"},"canonical":"https:\/\/www.estherschollum.at\/en\/news\/wolfgang-stefan-schwaiger-as-papageno-at-the-oper-koeln\/","og_locale":"en_US","og_title":"Wolfgang Stefan Schwaiger as Papageno at the Oper K\u00f6ln - Esther Schollum Artists Management Wien","og_description":"Baritone\u00a0Wolfgang Stefan Schwaiger\u00a0returns to the stage of the Oper K\u00f6ln in the same r\u00f4le in which he introduced himself to\u2026","og_url":"https:\/\/www.estherschollum.at\/en\/news\/wolfgang-stefan-schwaiger-as-papageno-at-the-oper-koeln\/","og_site_name":"Esther Schollum Artists Management Wien","article_published_time":"2023-05-26T10:45:37+00:00","twitter_card":"summary_large_image","twitter_misc":{"Written by":"Martina Genb\u00f6ck"},"schema":{"@context":"https:\/\/schema.org","@graph":[{"@type":"WebSite","@id":"https:\/\/www.estherschollum.at\/#website","url":"https:\/\/www.estherschollum.at\/","name":"Esther Schollum Artists Management Wien","description":"Esther Schollum Artists Management","potentialAction":[{"@type":"SearchAction","target":{"@type":"EntryPoint","urlTemplate":"https:\/\/www.estherschollum.at\/?s={search_term_string}"},"query-input":"required name=search_term_string"}],"inLanguage":"en-US"},{"@type":"WebPage","@id":"https:\/\/www.estherschollum.at\/en\/news\/wolfgang-stefan-schwaiger-as-papageno-at-the-oper-koeln\/#webpage","url":"https:\/\/www.estherschollum.at\/en\/news\/wolfgang-stefan-schwaiger-as-papageno-at-the-oper-koeln\/","name":"Wolfgang Stefan Schwaiger as Papageno at the Oper K\u00f6ln - Esther Schollum Artists Management Wien","isPartOf":{"@id":"https:\/\/www.estherschollum.at\/#website"},"datePublished":"2023-05-26T10:45:37+00:00","dateModified":"2023-05-26T10:45:37+00:00","author":{"@id":"https:\/\/www.estherschollum.at\/#\/schema\/person\/70a628d405a7c3af7ca2a4f95de7148c"},"breadcrumb":{"@id":"https:\/\/www.estherschollum.at\/en\/news\/wolfgang-stefan-schwaiger-as-papageno-at-the-oper-koeln\/#breadcrumb"},"inLanguage":"en-US","potentialAction":[{"@type":"ReadAction","target":["https:\/\/www.estherschollum.at\/en\/news\/wolfgang-stefan-schwaiger-as-papageno-at-the-oper-koeln\/"]}]},{"@type":"BreadcrumbList","@id":"https:\/\/www.estherschollum.at\/en\/news\/wolfgang-stefan-schwaiger-as-papageno-at-the-oper-koeln\/#breadcrumb","itemListElement":[{"@type":"ListItem","position":1,"name":"Home","item":"https:\/\/www.estherschollum.at\/en\/"},{"@type":"ListItem","position":2,"name":"Wolfgang Stefan Schwaiger as Papageno at the Oper K\u00f6ln"}]},{"@type":"Person","@id":"https:\/\/www.estherschollum.at\/#\/schema\/person\/70a628d405a7c3af7ca2a4f95de7148c","name":"Martina Genb\u00f6ck","image":{"@type":"ImageObject","@id":"https:\/\/www.estherschollum.at\/#personlogo","inLanguage":"en-US","url":"https:\/\/secure.gravatar.com\/avatar\/8d42d23102ef5e33c8f2402c6ee495fd?s=96&d=mm&r=g","contentUrl":"https:\/\/secure.gravatar.com\/avatar\/8d42d23102ef5e33c8f2402c6ee495fd?s=96&d=mm&r=g","caption":"Martina Genb\u00f6ck"},"sameAs":["http:\/\/host-107245.webhosting.magentabusiness.at\/estherschollum.at"],"url":"https:\/\/www.estherschollum.at\/en\/news\/author\/gruber\/"}]}},"_links":{"self":[{"href":"https:\/\/www.estherschollum.at\/en\/wp-json\/wp\/v2\/posts\/9036"}],"collection":[{"href":"https:\/\/www.estherschollum.at\/en\/wp-json\/wp\/v2\/posts"}],"about":[{"href":"https:\/\/www.estherschollum.at\/en\/wp-json\/wp\/v2\/types\/post"}],"author":[{"embeddable":true,"href":"https:\/\/www.estherschollum.at\/en\/wp-json\/wp\/v2\/users\/8"}],"replies":[{"embeddable":true,"href":"https:\/\/www.estherschollum.at\/en\/wp-json\/wp\/v2\/comments?post=9036"}],"version-history":[{"count":1,"href":"https:\/\/www.estherschollum.at\/en\/wp-json\/wp\/v2\/posts\/9036\/revisions"}],"predecessor-version":[{"id":9037,"href":"https:\/\/www.estherschollum.at\/en\/wp-json\/wp\/v2\/posts\/9036\/revisions\/9037"}],"wp:attachment":[{"href":"https:\/\/www.estherschollum.at\/en\/wp-json\/wp\/v2\/media?parent=9036"}],"wp:term":[{"taxonomy":"category","embeddable":true,"href":"https:\/\/www.estherschollum.at\/en\/wp-json\/wp\/v2\/categories?post=9036"}],"curies":[{"name":"wp","href":"https:\/\/api.w.org\/{rel}","templated":true}]}}