{"id":8880,"date":"2023-03-30T10:27:10","date_gmt":"2023-03-30T09:27:10","guid":{"rendered":"https:\/\/www.estherschollum.at\/?p=8880"},"modified":"2023-03-30T10:27:10","modified_gmt":"2023-03-30T09:27:10","slug":"kata-kabanova-corina-koller-at-the-oper-graz","status":"publish","type":"post","link":"https:\/\/www.estherschollum.at\/en\/news\/kata-kabanova-corina-koller-at-the-oper-graz\/","title":{"rendered":"\u201cK\u00e1\u0165a Kabanov\u00e1\u201d: Corina Koller at the Oper Graz"},"content":{"rendered":"<table class=\"module-10\" cellspacing=\"0\" cellpadding=\"0\" align=\"left\">\n<tbody>\n<tr>\n<td class=\"combo-image\">\n<div class=\"image-container\" align=\"center\">\n<p align=\"left\">\n<\/div>\n<\/td>\n<\/tr>\n<\/tbody>\n<\/table>\n<p align=\"left\">Austrian soprano\u00a0<a href=\"https:\/\/www.estherschollum.at\/artists\/corina-koller\/\" target=\"_blank\" rel=\"noopener\"><strong>Corina Koller<\/strong><\/a>\u00a0is one of the formidable voices forming the next generation of singers, and even among them, her fresh soprano stands out. For the new production of Leo\u0161 Jan\u00e1\u010dek\u2019s \u201cK\u00e1\u0165a Kabanov\u00e1\u201d\u202f\u2014\u2009staged by Anita Rutkovsky and under the musical direction of Roland Kluttig\u202f\u2014\u2009at the Oper Graz, she is slipping into the r\u00f4le of Gl\u00e1\u0161a.<\/p>\n<p align=\"left\"><strong>Oper Graz<\/strong><br \/>\nLeo\u0161 Jan\u00e1\u010dek:\u00a0<a href=\"https:\/\/oper-graz.buehnen-graz.com\/production-details\/katja-kabanova\" target=\"_blank\" rel=\"noopener\">\u201cK\u00e1\u0165a Kabanov\u00e1\u201d<\/a><br \/>\n<a href=\"https:\/\/www.estherschollum.at\/artists\/corina-koller\/\" target=\"_blank\" rel=\"noopener\">Corina Koller<\/a>: Gl\u00e1\u0161a<br \/>\n<strong>Mar 18 (premi\u00e8re), 23, 29; Apr 14, 16, 19, 21, 29; May 12, 14.<\/strong><\/p>\n","protected":false},"excerpt":{"rendered":"<p>Austrian soprano\u00a0Corina Koller\u00a0is one of the formidable voices forming the next generation of singers, and even among them, her fresh\u2026<\/p>\n","protected":false},"author":8,"featured_media":0,"comment_status":"closed","ping_status":"closed","sticky":false,"template":"","format":"standard","meta":{"_monsterinsights_skip_tracking":false,"_monsterinsights_sitenote_active":false,"_monsterinsights_sitenote_note":"","_monsterinsights_sitenote_category":0},"categories":[136],"acf":[],"yoast_head":"<!-- This site is optimized with the Yoast SEO plugin v17.7 - https:\/\/yoast.com\/wordpress\/plugins\/seo\/ -->\n<title>\u201cK\u00e1\u0165a Kabanov\u00e1\u201d: Corina Koller at the Oper Graz - Esther Schollum Artists Management Wien<\/title>\n<meta name=\"robots\" content=\"index, follow, max-snippet:-1, max-image-preview:large, max-video-preview:-1\" \/>\n<link rel=\"canonical\" href=\"https:\/\/www.estherschollum.at\/en\/news\/kata-kabanova-corina-koller-at-the-oper-graz\/\" \/>\n<meta property=\"og:locale\" content=\"en_US\" \/>\n<meta property=\"og:title\" content=\"\u201cK\u00e1\u0165a Kabanov\u00e1\u201d: Corina Koller at the Oper Graz - Esther Schollum Artists Management Wien\" \/>\n<meta property=\"og:description\" content=\"Austrian soprano\u00a0Corina Koller\u00a0is one of the formidable voices forming the next generation of singers, and even among them, her fresh\u2026\" \/>\n<meta property=\"og:url\" content=\"https:\/\/www.estherschollum.at\/en\/news\/kata-kabanova-corina-koller-at-the-oper-graz\/\" \/>\n<meta property=\"og:site_name\" content=\"Esther Schollum Artists Management Wien\" \/>\n<meta property=\"article:published_time\" content=\"2023-03-30T09:27:10+00:00\" \/>\n<meta name=\"twitter:card\" content=\"summary_large_image\" \/>\n<meta name=\"twitter:label1\" content=\"Written by\" \/>\n\t<meta name=\"twitter:data1\" content=\"Martina Genb\u00f6ck\" \/>\n<script type=\"application\/ld+json\" class=\"yoast-schema-graph\">{\"@context\":\"https:\/\/schema.org\",\"@graph\":[{\"@type\":\"WebSite\",\"@id\":\"https:\/\/www.estherschollum.at\/#website\",\"url\":\"https:\/\/www.estherschollum.at\/\",\"name\":\"Esther Schollum Artists Management Wien\",\"description\":\"Esther Schollum Artists Management\",\"potentialAction\":[{\"@type\":\"SearchAction\",\"target\":{\"@type\":\"EntryPoint\",\"urlTemplate\":\"https:\/\/www.estherschollum.at\/?s={search_term_string}\"},\"query-input\":\"required name=search_term_string\"}],\"inLanguage\":\"en-US\"},{\"@type\":\"WebPage\",\"@id\":\"https:\/\/www.estherschollum.at\/en\/news\/kata-kabanova-corina-koller-at-the-oper-graz\/#webpage\",\"url\":\"https:\/\/www.estherschollum.at\/en\/news\/kata-kabanova-corina-koller-at-the-oper-graz\/\",\"name\":\"\\u201cK\\u00e1\\u0165a Kabanov\\u00e1\\u201d: Corina Koller at the Oper Graz - Esther Schollum Artists Management Wien\",\"isPartOf\":{\"@id\":\"https:\/\/www.estherschollum.at\/#website\"},\"datePublished\":\"2023-03-30T09:27:10+00:00\",\"dateModified\":\"2023-03-30T09:27:10+00:00\",\"author\":{\"@id\":\"https:\/\/www.estherschollum.at\/#\/schema\/person\/70a628d405a7c3af7ca2a4f95de7148c\"},\"breadcrumb\":{\"@id\":\"https:\/\/www.estherschollum.at\/en\/news\/kata-kabanova-corina-koller-at-the-oper-graz\/#breadcrumb\"},\"inLanguage\":\"en-US\",\"potentialAction\":[{\"@type\":\"ReadAction\",\"target\":[\"https:\/\/www.estherschollum.at\/en\/news\/kata-kabanova-corina-koller-at-the-oper-graz\/\"]}]},{\"@type\":\"BreadcrumbList\",\"@id\":\"https:\/\/www.estherschollum.at\/en\/news\/kata-kabanova-corina-koller-at-the-oper-graz\/#breadcrumb\",\"itemListElement\":[{\"@type\":\"ListItem\",\"position\":1,\"name\":\"Home\",\"item\":\"https:\/\/www.estherschollum.at\/en\/\"},{\"@type\":\"ListItem\",\"position\":2,\"name\":\"\\u201cK\\u00e1\\u0165a Kabanov\\u00e1\\u201d: Corina Koller at the Oper Graz\"}]},{\"@type\":\"Person\",\"@id\":\"https:\/\/www.estherschollum.at\/#\/schema\/person\/70a628d405a7c3af7ca2a4f95de7148c\",\"name\":\"Martina Genb\\u00f6ck\",\"image\":{\"@type\":\"ImageObject\",\"@id\":\"https:\/\/www.estherschollum.at\/#personlogo\",\"inLanguage\":\"en-US\",\"url\":\"https:\/\/secure.gravatar.com\/avatar\/8d42d23102ef5e33c8f2402c6ee495fd?s=96&d=mm&r=g\",\"contentUrl\":\"https:\/\/secure.gravatar.com\/avatar\/8d42d23102ef5e33c8f2402c6ee495fd?s=96&d=mm&r=g\",\"caption\":\"Martina Genb\\u00f6ck\"},\"sameAs\":[\"http:\/\/host-107245.webhosting.magentabusiness.at\/estherschollum.at\"],\"url\":\"https:\/\/www.estherschollum.at\/en\/news\/author\/gruber\/\"}]}<\/script>\n<!-- \/ Yoast SEO plugin. -->","yoast_head_json":{"title":"\u201cK\u00e1\u0165a Kabanov\u00e1\u201d: Corina Koller at the Oper Graz - Esther Schollum Artists Management Wien","robots":{"index":"index","follow":"follow","max-snippet":"max-snippet:-1","max-image-preview":"max-image-preview:large","max-video-preview":"max-video-preview:-1"},"canonical":"https:\/\/www.estherschollum.at\/en\/news\/kata-kabanova-corina-koller-at-the-oper-graz\/","og_locale":"en_US","og_title":"\u201cK\u00e1\u0165a Kabanov\u00e1\u201d: Corina Koller at the Oper Graz - Esther Schollum Artists Management Wien","og_description":"Austrian soprano\u00a0Corina Koller\u00a0is one of the formidable voices forming the next generation of singers, and even among them, her fresh\u2026","og_url":"https:\/\/www.estherschollum.at\/en\/news\/kata-kabanova-corina-koller-at-the-oper-graz\/","og_site_name":"Esther Schollum Artists Management Wien","article_published_time":"2023-03-30T09:27:10+00:00","twitter_card":"summary_large_image","twitter_misc":{"Written by":"Martina Genb\u00f6ck"},"schema":{"@context":"https:\/\/schema.org","@graph":[{"@type":"WebSite","@id":"https:\/\/www.estherschollum.at\/#website","url":"https:\/\/www.estherschollum.at\/","name":"Esther Schollum Artists Management Wien","description":"Esther Schollum Artists Management","potentialAction":[{"@type":"SearchAction","target":{"@type":"EntryPoint","urlTemplate":"https:\/\/www.estherschollum.at\/?s={search_term_string}"},"query-input":"required name=search_term_string"}],"inLanguage":"en-US"},{"@type":"WebPage","@id":"https:\/\/www.estherschollum.at\/en\/news\/kata-kabanova-corina-koller-at-the-oper-graz\/#webpage","url":"https:\/\/www.estherschollum.at\/en\/news\/kata-kabanova-corina-koller-at-the-oper-graz\/","name":"\u201cK\u00e1\u0165a Kabanov\u00e1\u201d: Corina Koller at the Oper Graz - Esther Schollum Artists Management Wien","isPartOf":{"@id":"https:\/\/www.estherschollum.at\/#website"},"datePublished":"2023-03-30T09:27:10+00:00","dateModified":"2023-03-30T09:27:10+00:00","author":{"@id":"https:\/\/www.estherschollum.at\/#\/schema\/person\/70a628d405a7c3af7ca2a4f95de7148c"},"breadcrumb":{"@id":"https:\/\/www.estherschollum.at\/en\/news\/kata-kabanova-corina-koller-at-the-oper-graz\/#breadcrumb"},"inLanguage":"en-US","potentialAction":[{"@type":"ReadAction","target":["https:\/\/www.estherschollum.at\/en\/news\/kata-kabanova-corina-koller-at-the-oper-graz\/"]}]},{"@type":"BreadcrumbList","@id":"https:\/\/www.estherschollum.at\/en\/news\/kata-kabanova-corina-koller-at-the-oper-graz\/#breadcrumb","itemListElement":[{"@type":"ListItem","position":1,"name":"Home","item":"https:\/\/www.estherschollum.at\/en\/"},{"@type":"ListItem","position":2,"name":"\u201cK\u00e1\u0165a Kabanov\u00e1\u201d: Corina Koller at the Oper Graz"}]},{"@type":"Person","@id":"https:\/\/www.estherschollum.at\/#\/schema\/person\/70a628d405a7c3af7ca2a4f95de7148c","name":"Martina Genb\u00f6ck","image":{"@type":"ImageObject","@id":"https:\/\/www.estherschollum.at\/#personlogo","inLanguage":"en-US","url":"https:\/\/secure.gravatar.com\/avatar\/8d42d23102ef5e33c8f2402c6ee495fd?s=96&d=mm&r=g","contentUrl":"https:\/\/secure.gravatar.com\/avatar\/8d42d23102ef5e33c8f2402c6ee495fd?s=96&d=mm&r=g","caption":"Martina Genb\u00f6ck"},"sameAs":["http:\/\/host-107245.webhosting.magentabusiness.at\/estherschollum.at"],"url":"https:\/\/www.estherschollum.at\/en\/news\/author\/gruber\/"}]}},"_links":{"self":[{"href":"https:\/\/www.estherschollum.at\/en\/wp-json\/wp\/v2\/posts\/8880"}],"collection":[{"href":"https:\/\/www.estherschollum.at\/en\/wp-json\/wp\/v2\/posts"}],"about":[{"href":"https:\/\/www.estherschollum.at\/en\/wp-json\/wp\/v2\/types\/post"}],"author":[{"embeddable":true,"href":"https:\/\/www.estherschollum.at\/en\/wp-json\/wp\/v2\/users\/8"}],"replies":[{"embeddable":true,"href":"https:\/\/www.estherschollum.at\/en\/wp-json\/wp\/v2\/comments?post=8880"}],"version-history":[{"count":1,"href":"https:\/\/www.estherschollum.at\/en\/wp-json\/wp\/v2\/posts\/8880\/revisions"}],"predecessor-version":[{"id":8881,"href":"https:\/\/www.estherschollum.at\/en\/wp-json\/wp\/v2\/posts\/8880\/revisions\/8881"}],"wp:attachment":[{"href":"https:\/\/www.estherschollum.at\/en\/wp-json\/wp\/v2\/media?parent=8880"}],"wp:term":[{"taxonomy":"category","embeddable":true,"href":"https:\/\/www.estherschollum.at\/en\/wp-json\/wp\/v2\/categories?post=8880"}],"curies":[{"name":"wp","href":"https:\/\/api.w.org\/{rel}","templated":true}]}}