{"id":8866,"date":"2023-03-30T10:12:40","date_gmt":"2023-03-30T09:12:40","guid":{"rendered":"https:\/\/www.estherschollum.at\/?p=8866"},"modified":"2023-03-30T10:12:40","modified_gmt":"2023-03-30T09:12:40","slug":"jon-svinghammar-runs-a-an-orchestra-camp-with-the-lower-austria-youth-symphony-orchestra","status":"publish","type":"post","link":"https:\/\/www.estherschollum.at\/en\/news\/jon-svinghammar-runs-a-an-orchestra-camp-with-the-lower-austria-youth-symphony-orchestra\/","title":{"rendered":"Jon Svinghammar runs a an orchestra camp with the Lower Austria Youth Symphony Orchestra"},"content":{"rendered":"<table class=\"module-5\" cellspacing=\"0\" cellpadding=\"0\" align=\"left\">\n<tbody>\n<tr>\n<td class=\"combo-image\">\n<div class=\"image-container\" align=\"center\">\n<p align=\"left\">\n<\/div>\n<\/td>\n<\/tr>\n<\/tbody>\n<\/table>\n<p align=\"left\">As in years past, Swedish conductor\u00a0<a href=\"https:\/\/www.estherschollum.at\/artists\/jon-svinghammar\/\" target=\"_blank\" rel=\"noopener\"><strong>Jon Svinghammar<\/strong><\/a>\u00a0is on the rostrum for the Jugendsinfonieorchester Nieder\u00f6sterreich, the Lower Austria Youth Symphony Orchestra. Under his direction, the more than eighty musicians between the ages of fifteen and twenty-two will work on and perform Jean Sibelius\u2019 tone poem \u201cFinlandia\u201d and Anton\u00edn Dvo\u0159\u00e1k\u2019s Symphony No. 8.<\/p>\n<p align=\"left\"><a href=\"https:\/\/www.mkmnoe.at\/wettbewerbe-und-orchester\/jugendsinfonieorchester-niederoesterreich\/termine\" target=\"_blank\" rel=\"noopener\"><strong>Jugendsinfonieorchester Nieder\u00f6sterreich<\/strong><\/a><br \/>\nJean Sibelius: Finlandia, tone poem, op. 26<br \/>\nAnton\u00edn Dvo\u0159\u00e1k: Symphony No. 8 in G major, op. 88<br \/>\n<a href=\"https:\/\/www.estherschollum.at\/artists\/jon-svinghammar\/\" target=\"_blank\" rel=\"noopener\"><strong>Jon Svinghammar<\/strong><\/a>: conductor<br \/>\n<strong>Apr 9<\/strong>\u00a0<a href=\"https:\/\/www.mkmnoe.at\/aktuelles\/veranstaltungen\/detail\/prelude-konzert-jugendsinfonieorchester-noe-ostercamp-2023\" target=\"_blank\" rel=\"noopener\">Grafenegg Auditorium<\/a><br \/>\n<strong>Apr 10<\/strong>\u00a0<a href=\"https:\/\/www.breitenfurt.gv.at\/veranstaltungen\/detail\/veranstaltung\/osterkonzert-des-jugendsinfonieorchesters\/\" target=\"_blank\" rel=\"noopener\">Breitenfurt Mehrzweckhalle<\/a><\/p>\n","protected":false},"excerpt":{"rendered":"<p>As in years past, Swedish conductor\u00a0Jon Svinghammar\u00a0is on the rostrum for the Jugendsinfonieorchester Nieder\u00f6sterreich, the Lower Austria Youth Symphony Orchestra.\u2026<\/p>\n","protected":false},"author":8,"featured_media":0,"comment_status":"closed","ping_status":"closed","sticky":false,"template":"","format":"standard","meta":{"_monsterinsights_skip_tracking":false,"_monsterinsights_sitenote_active":false,"_monsterinsights_sitenote_note":"","_monsterinsights_sitenote_category":0},"categories":[135],"acf":[],"yoast_head":"<!-- This site is optimized with the Yoast SEO plugin v17.7 - https:\/\/yoast.com\/wordpress\/plugins\/seo\/ -->\n<title>Jon Svinghammar runs a an orchestra camp with the Lower Austria Youth Symphony Orchestra - Esther Schollum Artists Management Wien<\/title>\n<meta name=\"robots\" content=\"index, follow, max-snippet:-1, max-image-preview:large, max-video-preview:-1\" \/>\n<link rel=\"canonical\" href=\"https:\/\/www.estherschollum.at\/en\/news\/jon-svinghammar-runs-a-an-orchestra-camp-with-the-lower-austria-youth-symphony-orchestra\/\" \/>\n<meta property=\"og:locale\" content=\"en_US\" \/>\n<meta property=\"og:title\" content=\"Jon Svinghammar runs a an orchestra camp with the Lower Austria Youth Symphony Orchestra - Esther Schollum Artists Management Wien\" \/>\n<meta property=\"og:description\" content=\"As in years past, Swedish conductor\u00a0Jon Svinghammar\u00a0is on the rostrum for the Jugendsinfonieorchester Nieder\u00f6sterreich, the Lower Austria Youth Symphony Orchestra.\u2026\" \/>\n<meta property=\"og:url\" content=\"https:\/\/www.estherschollum.at\/en\/news\/jon-svinghammar-runs-a-an-orchestra-camp-with-the-lower-austria-youth-symphony-orchestra\/\" \/>\n<meta property=\"og:site_name\" content=\"Esther Schollum Artists Management Wien\" \/>\n<meta property=\"article:published_time\" content=\"2023-03-30T09:12:40+00:00\" \/>\n<meta name=\"twitter:card\" content=\"summary_large_image\" \/>\n<meta name=\"twitter:label1\" content=\"Written by\" \/>\n\t<meta name=\"twitter:data1\" content=\"Martina Genb\u00f6ck\" \/>\n<script type=\"application\/ld+json\" class=\"yoast-schema-graph\">{\"@context\":\"https:\/\/schema.org\",\"@graph\":[{\"@type\":\"WebSite\",\"@id\":\"https:\/\/www.estherschollum.at\/#website\",\"url\":\"https:\/\/www.estherschollum.at\/\",\"name\":\"Esther Schollum Artists Management Wien\",\"description\":\"Esther Schollum Artists Management\",\"potentialAction\":[{\"@type\":\"SearchAction\",\"target\":{\"@type\":\"EntryPoint\",\"urlTemplate\":\"https:\/\/www.estherschollum.at\/?s={search_term_string}\"},\"query-input\":\"required name=search_term_string\"}],\"inLanguage\":\"en-US\"},{\"@type\":\"WebPage\",\"@id\":\"https:\/\/www.estherschollum.at\/en\/news\/jon-svinghammar-runs-a-an-orchestra-camp-with-the-lower-austria-youth-symphony-orchestra\/#webpage\",\"url\":\"https:\/\/www.estherschollum.at\/en\/news\/jon-svinghammar-runs-a-an-orchestra-camp-with-the-lower-austria-youth-symphony-orchestra\/\",\"name\":\"Jon Svinghammar runs a an orchestra camp with the Lower Austria Youth Symphony Orchestra - Esther Schollum Artists Management Wien\",\"isPartOf\":{\"@id\":\"https:\/\/www.estherschollum.at\/#website\"},\"datePublished\":\"2023-03-30T09:12:40+00:00\",\"dateModified\":\"2023-03-30T09:12:40+00:00\",\"author\":{\"@id\":\"https:\/\/www.estherschollum.at\/#\/schema\/person\/70a628d405a7c3af7ca2a4f95de7148c\"},\"breadcrumb\":{\"@id\":\"https:\/\/www.estherschollum.at\/en\/news\/jon-svinghammar-runs-a-an-orchestra-camp-with-the-lower-austria-youth-symphony-orchestra\/#breadcrumb\"},\"inLanguage\":\"en-US\",\"potentialAction\":[{\"@type\":\"ReadAction\",\"target\":[\"https:\/\/www.estherschollum.at\/en\/news\/jon-svinghammar-runs-a-an-orchestra-camp-with-the-lower-austria-youth-symphony-orchestra\/\"]}]},{\"@type\":\"BreadcrumbList\",\"@id\":\"https:\/\/www.estherschollum.at\/en\/news\/jon-svinghammar-runs-a-an-orchestra-camp-with-the-lower-austria-youth-symphony-orchestra\/#breadcrumb\",\"itemListElement\":[{\"@type\":\"ListItem\",\"position\":1,\"name\":\"Home\",\"item\":\"https:\/\/www.estherschollum.at\/en\/\"},{\"@type\":\"ListItem\",\"position\":2,\"name\":\"Jon Svinghammar runs a an orchestra camp with the Lower Austria Youth Symphony Orchestra\"}]},{\"@type\":\"Person\",\"@id\":\"https:\/\/www.estherschollum.at\/#\/schema\/person\/70a628d405a7c3af7ca2a4f95de7148c\",\"name\":\"Martina Genb\\u00f6ck\",\"image\":{\"@type\":\"ImageObject\",\"@id\":\"https:\/\/www.estherschollum.at\/#personlogo\",\"inLanguage\":\"en-US\",\"url\":\"https:\/\/secure.gravatar.com\/avatar\/8d42d23102ef5e33c8f2402c6ee495fd?s=96&d=mm&r=g\",\"contentUrl\":\"https:\/\/secure.gravatar.com\/avatar\/8d42d23102ef5e33c8f2402c6ee495fd?s=96&d=mm&r=g\",\"caption\":\"Martina Genb\\u00f6ck\"},\"sameAs\":[\"http:\/\/host-107245.webhosting.magentabusiness.at\/estherschollum.at\"],\"url\":\"https:\/\/www.estherschollum.at\/en\/news\/author\/gruber\/\"}]}<\/script>\n<!-- \/ Yoast SEO plugin. -->","yoast_head_json":{"title":"Jon Svinghammar runs a an orchestra camp with the Lower Austria Youth Symphony Orchestra - Esther Schollum Artists Management Wien","robots":{"index":"index","follow":"follow","max-snippet":"max-snippet:-1","max-image-preview":"max-image-preview:large","max-video-preview":"max-video-preview:-1"},"canonical":"https:\/\/www.estherschollum.at\/en\/news\/jon-svinghammar-runs-a-an-orchestra-camp-with-the-lower-austria-youth-symphony-orchestra\/","og_locale":"en_US","og_title":"Jon Svinghammar runs a an orchestra camp with the Lower Austria Youth Symphony Orchestra - Esther Schollum Artists Management Wien","og_description":"As in years past, Swedish conductor\u00a0Jon Svinghammar\u00a0is on the rostrum for the Jugendsinfonieorchester Nieder\u00f6sterreich, the Lower Austria Youth Symphony Orchestra.\u2026","og_url":"https:\/\/www.estherschollum.at\/en\/news\/jon-svinghammar-runs-a-an-orchestra-camp-with-the-lower-austria-youth-symphony-orchestra\/","og_site_name":"Esther Schollum Artists Management Wien","article_published_time":"2023-03-30T09:12:40+00:00","twitter_card":"summary_large_image","twitter_misc":{"Written by":"Martina Genb\u00f6ck"},"schema":{"@context":"https:\/\/schema.org","@graph":[{"@type":"WebSite","@id":"https:\/\/www.estherschollum.at\/#website","url":"https:\/\/www.estherschollum.at\/","name":"Esther Schollum Artists Management Wien","description":"Esther Schollum Artists Management","potentialAction":[{"@type":"SearchAction","target":{"@type":"EntryPoint","urlTemplate":"https:\/\/www.estherschollum.at\/?s={search_term_string}"},"query-input":"required name=search_term_string"}],"inLanguage":"en-US"},{"@type":"WebPage","@id":"https:\/\/www.estherschollum.at\/en\/news\/jon-svinghammar-runs-a-an-orchestra-camp-with-the-lower-austria-youth-symphony-orchestra\/#webpage","url":"https:\/\/www.estherschollum.at\/en\/news\/jon-svinghammar-runs-a-an-orchestra-camp-with-the-lower-austria-youth-symphony-orchestra\/","name":"Jon Svinghammar runs a an orchestra camp with the Lower Austria Youth Symphony Orchestra - Esther Schollum Artists Management Wien","isPartOf":{"@id":"https:\/\/www.estherschollum.at\/#website"},"datePublished":"2023-03-30T09:12:40+00:00","dateModified":"2023-03-30T09:12:40+00:00","author":{"@id":"https:\/\/www.estherschollum.at\/#\/schema\/person\/70a628d405a7c3af7ca2a4f95de7148c"},"breadcrumb":{"@id":"https:\/\/www.estherschollum.at\/en\/news\/jon-svinghammar-runs-a-an-orchestra-camp-with-the-lower-austria-youth-symphony-orchestra\/#breadcrumb"},"inLanguage":"en-US","potentialAction":[{"@type":"ReadAction","target":["https:\/\/www.estherschollum.at\/en\/news\/jon-svinghammar-runs-a-an-orchestra-camp-with-the-lower-austria-youth-symphony-orchestra\/"]}]},{"@type":"BreadcrumbList","@id":"https:\/\/www.estherschollum.at\/en\/news\/jon-svinghammar-runs-a-an-orchestra-camp-with-the-lower-austria-youth-symphony-orchestra\/#breadcrumb","itemListElement":[{"@type":"ListItem","position":1,"name":"Home","item":"https:\/\/www.estherschollum.at\/en\/"},{"@type":"ListItem","position":2,"name":"Jon Svinghammar runs a an orchestra camp with the Lower Austria Youth Symphony Orchestra"}]},{"@type":"Person","@id":"https:\/\/www.estherschollum.at\/#\/schema\/person\/70a628d405a7c3af7ca2a4f95de7148c","name":"Martina Genb\u00f6ck","image":{"@type":"ImageObject","@id":"https:\/\/www.estherschollum.at\/#personlogo","inLanguage":"en-US","url":"https:\/\/secure.gravatar.com\/avatar\/8d42d23102ef5e33c8f2402c6ee495fd?s=96&d=mm&r=g","contentUrl":"https:\/\/secure.gravatar.com\/avatar\/8d42d23102ef5e33c8f2402c6ee495fd?s=96&d=mm&r=g","caption":"Martina Genb\u00f6ck"},"sameAs":["http:\/\/host-107245.webhosting.magentabusiness.at\/estherschollum.at"],"url":"https:\/\/www.estherschollum.at\/en\/news\/author\/gruber\/"}]}},"_links":{"self":[{"href":"https:\/\/www.estherschollum.at\/en\/wp-json\/wp\/v2\/posts\/8866"}],"collection":[{"href":"https:\/\/www.estherschollum.at\/en\/wp-json\/wp\/v2\/posts"}],"about":[{"href":"https:\/\/www.estherschollum.at\/en\/wp-json\/wp\/v2\/types\/post"}],"author":[{"embeddable":true,"href":"https:\/\/www.estherschollum.at\/en\/wp-json\/wp\/v2\/users\/8"}],"replies":[{"embeddable":true,"href":"https:\/\/www.estherschollum.at\/en\/wp-json\/wp\/v2\/comments?post=8866"}],"version-history":[{"count":1,"href":"https:\/\/www.estherschollum.at\/en\/wp-json\/wp\/v2\/posts\/8866\/revisions"}],"predecessor-version":[{"id":8867,"href":"https:\/\/www.estherschollum.at\/en\/wp-json\/wp\/v2\/posts\/8866\/revisions\/8867"}],"wp:attachment":[{"href":"https:\/\/www.estherschollum.at\/en\/wp-json\/wp\/v2\/media?parent=8866"}],"wp:term":[{"taxonomy":"category","embeddable":true,"href":"https:\/\/www.estherschollum.at\/en\/wp-json\/wp\/v2\/categories?post=8866"}],"curies":[{"name":"wp","href":"https:\/\/api.w.org\/{rel}","templated":true}]}}