{"id":8446,"date":"2022-11-03T10:35:51","date_gmt":"2022-11-03T09:35:51","guid":{"rendered":"https:\/\/www.estherschollum.at\/?p=8446"},"modified":"2022-11-03T10:35:51","modified_gmt":"2022-11-03T09:35:51","slug":"johannes-wildner-with-saint-saens-in-sonderborg-and-with-beethoven-and-dvorak-in-westphalia","status":"publish","type":"post","link":"https:\/\/www.estherschollum.at\/en\/news\/johannes-wildner-with-saint-saens-in-sonderborg-and-with-beethoven-and-dvorak-in-westphalia\/","title":{"rendered":"Johannes Wildner with Saint-Sa\u00ebns in S\u00f8nderborg, and with Beethoven and Dvo\u0159\u00e1k in Westphalia"},"content":{"rendered":"<p align=\"left\">Camille Saint-Sa\u00ebns\u2019s symphony for organ, among the greatest of Romantic organ works and preformed not nearly often enough, is the anchor of a concert series that\u00a0<a href=\"https:\/\/www.estherschollum.at\/artists\/johannes-wildner\/\" target=\"_blank\" rel=\"noopener\"><strong>Johannes Wildner<\/strong><\/a>\u00a0and his\u00a0<a href=\"https:\/\/sdjsymfoni.dk\/concert\/saint-saens-orgelsymfoni-2\/\" target=\"_blank\" rel=\"noopener\">S\u00f8nderjylland Symphony<\/a>\u00a0have scheduled for November.<\/p>\n<p align=\"left\">Maestro Wildner then travels on to Germany for a series of performances with the\u00a0<a href=\"https:\/\/www.neue-philharmonie-westfalen.de\/concert\/4-sinfoniekonzert-wunschkonzert\/?event=232409\" target=\"_blank\" rel=\"noopener\">Neue Philharmonie Westfalen<\/a>\u00a0as whose Musical Director he served from 1997 through 2007. The programme was selected by the orchestra\u2019s subscribers and comprises works by Smetana, Beethoven, and Dvo\u0159\u00e1k.<\/p>\n<p align=\"left\"><a href=\"https:\/\/sdjsymfoni.dk\/concert\/saint-saens-orgelsymfoni-2\/\" target=\"_blank\" rel=\"noopener\"><strong>S\u00f8nderjylland Symphony Orchestra<\/strong><\/a><br \/>\nFranz Schmidt: Hallelujah from \u201cThe Book with Seven Seals\u201d<br \/>\nGeorge Frideric Handel: Concerto for organ, choir, and orchestra No. 4<br \/>\nCamille Saint-Sa\u00ebns: Symphony No. 3, Op. 78 C minor<br \/>\n<a href=\"https:\/\/www.estherschollum.at\/artists\/johannes-wildner\/\" target=\"_blank\" rel=\"noopener\">Johannes Wildner<\/a>, conductor<br \/>\nPhilip Schmidt-Madsen, soloist<br \/>\n<strong>Nov 10.<\/strong>\u00a0Odense Koncerthus<br \/>\n<strong>Nov 11.<\/strong>\u00a0Ribe Domkirke<\/p>\n<p align=\"left\"><strong>Neue Philharmonie Westfalen<\/strong><br \/>\n<a href=\"https:\/\/www.neue-philharmonie-westfalen.de\/concert\/4-sinfoniekonzert-wunschkonzert\/?event=232409\" target=\"_blank\" rel=\"noopener\">Fourth Symphonic Concert (audience requests): Three of Twenty-Five<\/a><br \/>\nBed\u0159ich Smetana: \u201cM\u00e1 Vlast: Vltava\u201d\u202f\u2013\u2009The Moldau<br \/>\nLudwig van Beethoven: Concerto for violin in D major<br \/>\nAnton\u00edn Dvo\u0159\u00e1k: Symphony No. 9 \u201cFrom the New World\u201d<br \/>\n<a href=\"https:\/\/www.estherschollum.at\/artists\/johannes-wildner\/\" target=\"_blank\" rel=\"noopener\">Johannes Wildner<\/a>, conductor<br \/>\n<strong>Nov 29.<\/strong>\u00a0Recklinghausen, Ruhrfestspielhaus<br \/>\n<strong>Nov 30.<\/strong>\u00a0Kamen, Konzertaula<br \/>\n<strong>Dec 5.<\/strong>\u00a0Gelsenkirchen, Musiktheater im Revier<br \/>\n<strong>Dec 11.<\/strong>\u00a0L\u00fcdenscheid, Kulturhaus<br \/>\n<strong>Dec 19.<\/strong>\u00a0Erkelenz, Stadthalle<\/p>\n","protected":false},"excerpt":{"rendered":"<p>Camille Saint-Sa\u00ebns\u2019s symphony for organ, among the greatest of Romantic organ works and preformed not nearly often enough, is the\u2026<\/p>\n","protected":false},"author":8,"featured_media":0,"comment_status":"closed","ping_status":"closed","sticky":false,"template":"","format":"standard","meta":{"_monsterinsights_skip_tracking":false,"_monsterinsights_sitenote_active":false,"_monsterinsights_sitenote_note":"","_monsterinsights_sitenote_category":0},"categories":[126],"acf":[],"yoast_head":"<!-- This site is optimized with the Yoast SEO plugin v17.7 - https:\/\/yoast.com\/wordpress\/plugins\/seo\/ -->\n<title>Johannes Wildner with Saint-Sa\u00ebns in S\u00f8nderborg, and with Beethoven and Dvo\u0159\u00e1k in Westphalia - Esther Schollum Artists Management Wien<\/title>\n<meta name=\"robots\" content=\"index, follow, max-snippet:-1, max-image-preview:large, max-video-preview:-1\" \/>\n<link rel=\"canonical\" href=\"https:\/\/www.estherschollum.at\/en\/news\/johannes-wildner-with-saint-saens-in-sonderborg-and-with-beethoven-and-dvorak-in-westphalia\/\" \/>\n<meta property=\"og:locale\" content=\"en_US\" \/>\n<meta property=\"og:title\" content=\"Johannes Wildner with Saint-Sa\u00ebns in S\u00f8nderborg, and with Beethoven and Dvo\u0159\u00e1k in Westphalia - Esther Schollum Artists Management Wien\" \/>\n<meta property=\"og:description\" content=\"Camille Saint-Sa\u00ebns\u2019s symphony for organ, among the greatest of Romantic organ works and preformed not nearly often enough, is the\u2026\" \/>\n<meta property=\"og:url\" content=\"https:\/\/www.estherschollum.at\/en\/news\/johannes-wildner-with-saint-saens-in-sonderborg-and-with-beethoven-and-dvorak-in-westphalia\/\" \/>\n<meta property=\"og:site_name\" content=\"Esther Schollum Artists Management Wien\" \/>\n<meta property=\"article:published_time\" content=\"2022-11-03T09:35:51+00:00\" \/>\n<meta name=\"twitter:card\" content=\"summary_large_image\" \/>\n<meta name=\"twitter:label1\" content=\"Written by\" \/>\n\t<meta name=\"twitter:data1\" content=\"Martina Genb\u00f6ck\" \/>\n\t<meta name=\"twitter:label2\" content=\"Est. reading time\" \/>\n\t<meta name=\"twitter:data2\" content=\"1 minute\" \/>\n<script type=\"application\/ld+json\" class=\"yoast-schema-graph\">{\"@context\":\"https:\/\/schema.org\",\"@graph\":[{\"@type\":\"WebSite\",\"@id\":\"https:\/\/www.estherschollum.at\/#website\",\"url\":\"https:\/\/www.estherschollum.at\/\",\"name\":\"Esther Schollum Artists Management Wien\",\"description\":\"Esther Schollum Artists Management\",\"potentialAction\":[{\"@type\":\"SearchAction\",\"target\":{\"@type\":\"EntryPoint\",\"urlTemplate\":\"https:\/\/www.estherschollum.at\/?s={search_term_string}\"},\"query-input\":\"required name=search_term_string\"}],\"inLanguage\":\"en-US\"},{\"@type\":\"WebPage\",\"@id\":\"https:\/\/www.estherschollum.at\/en\/news\/johannes-wildner-with-saint-saens-in-sonderborg-and-with-beethoven-and-dvorak-in-westphalia\/#webpage\",\"url\":\"https:\/\/www.estherschollum.at\/en\/news\/johannes-wildner-with-saint-saens-in-sonderborg-and-with-beethoven-and-dvorak-in-westphalia\/\",\"name\":\"Johannes Wildner with Saint-Sa\\u00ebns in S\\u00f8nderborg, and with Beethoven and Dvo\\u0159\\u00e1k in Westphalia - Esther Schollum Artists Management Wien\",\"isPartOf\":{\"@id\":\"https:\/\/www.estherschollum.at\/#website\"},\"datePublished\":\"2022-11-03T09:35:51+00:00\",\"dateModified\":\"2022-11-03T09:35:51+00:00\",\"author\":{\"@id\":\"https:\/\/www.estherschollum.at\/#\/schema\/person\/70a628d405a7c3af7ca2a4f95de7148c\"},\"breadcrumb\":{\"@id\":\"https:\/\/www.estherschollum.at\/en\/news\/johannes-wildner-with-saint-saens-in-sonderborg-and-with-beethoven-and-dvorak-in-westphalia\/#breadcrumb\"},\"inLanguage\":\"en-US\",\"potentialAction\":[{\"@type\":\"ReadAction\",\"target\":[\"https:\/\/www.estherschollum.at\/en\/news\/johannes-wildner-with-saint-saens-in-sonderborg-and-with-beethoven-and-dvorak-in-westphalia\/\"]}]},{\"@type\":\"BreadcrumbList\",\"@id\":\"https:\/\/www.estherschollum.at\/en\/news\/johannes-wildner-with-saint-saens-in-sonderborg-and-with-beethoven-and-dvorak-in-westphalia\/#breadcrumb\",\"itemListElement\":[{\"@type\":\"ListItem\",\"position\":1,\"name\":\"Home\",\"item\":\"https:\/\/www.estherschollum.at\/en\/\"},{\"@type\":\"ListItem\",\"position\":2,\"name\":\"Johannes Wildner with Saint-Sa\\u00ebns in S\\u00f8nderborg, and with Beethoven and Dvo\\u0159\\u00e1k in Westphalia\"}]},{\"@type\":\"Person\",\"@id\":\"https:\/\/www.estherschollum.at\/#\/schema\/person\/70a628d405a7c3af7ca2a4f95de7148c\",\"name\":\"Martina Genb\\u00f6ck\",\"image\":{\"@type\":\"ImageObject\",\"@id\":\"https:\/\/www.estherschollum.at\/#personlogo\",\"inLanguage\":\"en-US\",\"url\":\"https:\/\/secure.gravatar.com\/avatar\/8d42d23102ef5e33c8f2402c6ee495fd?s=96&d=mm&r=g\",\"contentUrl\":\"https:\/\/secure.gravatar.com\/avatar\/8d42d23102ef5e33c8f2402c6ee495fd?s=96&d=mm&r=g\",\"caption\":\"Martina Genb\\u00f6ck\"},\"sameAs\":[\"http:\/\/host-107245.webhosting.magentabusiness.at\/estherschollum.at\"],\"url\":\"https:\/\/www.estherschollum.at\/en\/news\/author\/gruber\/\"}]}<\/script>\n<!-- \/ Yoast SEO plugin. -->","yoast_head_json":{"title":"Johannes Wildner with Saint-Sa\u00ebns in S\u00f8nderborg, and with Beethoven and Dvo\u0159\u00e1k in Westphalia - Esther Schollum Artists Management Wien","robots":{"index":"index","follow":"follow","max-snippet":"max-snippet:-1","max-image-preview":"max-image-preview:large","max-video-preview":"max-video-preview:-1"},"canonical":"https:\/\/www.estherschollum.at\/en\/news\/johannes-wildner-with-saint-saens-in-sonderborg-and-with-beethoven-and-dvorak-in-westphalia\/","og_locale":"en_US","og_title":"Johannes Wildner with Saint-Sa\u00ebns in S\u00f8nderborg, and with Beethoven and Dvo\u0159\u00e1k in Westphalia - Esther Schollum Artists Management Wien","og_description":"Camille Saint-Sa\u00ebns\u2019s symphony for organ, among the greatest of Romantic organ works and preformed not nearly often enough, is the\u2026","og_url":"https:\/\/www.estherschollum.at\/en\/news\/johannes-wildner-with-saint-saens-in-sonderborg-and-with-beethoven-and-dvorak-in-westphalia\/","og_site_name":"Esther Schollum Artists Management Wien","article_published_time":"2022-11-03T09:35:51+00:00","twitter_card":"summary_large_image","twitter_misc":{"Written by":"Martina Genb\u00f6ck","Est. reading time":"1 minute"},"schema":{"@context":"https:\/\/schema.org","@graph":[{"@type":"WebSite","@id":"https:\/\/www.estherschollum.at\/#website","url":"https:\/\/www.estherschollum.at\/","name":"Esther Schollum Artists Management Wien","description":"Esther Schollum Artists Management","potentialAction":[{"@type":"SearchAction","target":{"@type":"EntryPoint","urlTemplate":"https:\/\/www.estherschollum.at\/?s={search_term_string}"},"query-input":"required name=search_term_string"}],"inLanguage":"en-US"},{"@type":"WebPage","@id":"https:\/\/www.estherschollum.at\/en\/news\/johannes-wildner-with-saint-saens-in-sonderborg-and-with-beethoven-and-dvorak-in-westphalia\/#webpage","url":"https:\/\/www.estherschollum.at\/en\/news\/johannes-wildner-with-saint-saens-in-sonderborg-and-with-beethoven-and-dvorak-in-westphalia\/","name":"Johannes Wildner with Saint-Sa\u00ebns in S\u00f8nderborg, and with Beethoven and Dvo\u0159\u00e1k in Westphalia - Esther Schollum Artists Management Wien","isPartOf":{"@id":"https:\/\/www.estherschollum.at\/#website"},"datePublished":"2022-11-03T09:35:51+00:00","dateModified":"2022-11-03T09:35:51+00:00","author":{"@id":"https:\/\/www.estherschollum.at\/#\/schema\/person\/70a628d405a7c3af7ca2a4f95de7148c"},"breadcrumb":{"@id":"https:\/\/www.estherschollum.at\/en\/news\/johannes-wildner-with-saint-saens-in-sonderborg-and-with-beethoven-and-dvorak-in-westphalia\/#breadcrumb"},"inLanguage":"en-US","potentialAction":[{"@type":"ReadAction","target":["https:\/\/www.estherschollum.at\/en\/news\/johannes-wildner-with-saint-saens-in-sonderborg-and-with-beethoven-and-dvorak-in-westphalia\/"]}]},{"@type":"BreadcrumbList","@id":"https:\/\/www.estherschollum.at\/en\/news\/johannes-wildner-with-saint-saens-in-sonderborg-and-with-beethoven-and-dvorak-in-westphalia\/#breadcrumb","itemListElement":[{"@type":"ListItem","position":1,"name":"Home","item":"https:\/\/www.estherschollum.at\/en\/"},{"@type":"ListItem","position":2,"name":"Johannes Wildner with Saint-Sa\u00ebns in S\u00f8nderborg, and with Beethoven and Dvo\u0159\u00e1k in Westphalia"}]},{"@type":"Person","@id":"https:\/\/www.estherschollum.at\/#\/schema\/person\/70a628d405a7c3af7ca2a4f95de7148c","name":"Martina Genb\u00f6ck","image":{"@type":"ImageObject","@id":"https:\/\/www.estherschollum.at\/#personlogo","inLanguage":"en-US","url":"https:\/\/secure.gravatar.com\/avatar\/8d42d23102ef5e33c8f2402c6ee495fd?s=96&d=mm&r=g","contentUrl":"https:\/\/secure.gravatar.com\/avatar\/8d42d23102ef5e33c8f2402c6ee495fd?s=96&d=mm&r=g","caption":"Martina Genb\u00f6ck"},"sameAs":["http:\/\/host-107245.webhosting.magentabusiness.at\/estherschollum.at"],"url":"https:\/\/www.estherschollum.at\/en\/news\/author\/gruber\/"}]}},"_links":{"self":[{"href":"https:\/\/www.estherschollum.at\/en\/wp-json\/wp\/v2\/posts\/8446"}],"collection":[{"href":"https:\/\/www.estherschollum.at\/en\/wp-json\/wp\/v2\/posts"}],"about":[{"href":"https:\/\/www.estherschollum.at\/en\/wp-json\/wp\/v2\/types\/post"}],"author":[{"embeddable":true,"href":"https:\/\/www.estherschollum.at\/en\/wp-json\/wp\/v2\/users\/8"}],"replies":[{"embeddable":true,"href":"https:\/\/www.estherschollum.at\/en\/wp-json\/wp\/v2\/comments?post=8446"}],"version-history":[{"count":1,"href":"https:\/\/www.estherschollum.at\/en\/wp-json\/wp\/v2\/posts\/8446\/revisions"}],"predecessor-version":[{"id":8447,"href":"https:\/\/www.estherschollum.at\/en\/wp-json\/wp\/v2\/posts\/8446\/revisions\/8447"}],"wp:attachment":[{"href":"https:\/\/www.estherschollum.at\/en\/wp-json\/wp\/v2\/media?parent=8446"}],"wp:term":[{"taxonomy":"category","embeddable":true,"href":"https:\/\/www.estherschollum.at\/en\/wp-json\/wp\/v2\/categories?post=8446"}],"curies":[{"name":"wp","href":"https:\/\/api.w.org\/{rel}","templated":true}]}}