{"id":8281,"date":"2022-09-07T09:09:07","date_gmt":"2022-09-07T08:09:07","guid":{"rendered":"https:\/\/www.estherschollum.at\/?p=8281"},"modified":"2022-09-07T09:09:07","modified_gmt":"2022-09-07T08:09:07","slug":"erich-polz-and-jon-svinghammar-at-the-spielfeld-days-of-culture","status":"publish","type":"post","link":"https:\/\/www.estherschollum.at\/en\/news\/erich-polz-and-jon-svinghammar-at-the-spielfeld-days-of-culture\/","title":{"rendered":"Erich Polz and Jon Svinghammar at the Spielfeld Days of Culture"},"content":{"rendered":"<p align=\"left\"><a href=\"https:\/\/www.estherschollum.at\/artists\/erich-polz\/\" target=\"_blank\" rel=\"noopener\"><strong>Erich Polz<\/strong><\/a>, who just celebrated a major success with his musical direction of operetta \u201cSissy\u201d at Schloss Tabor, and Swedish conductor\u00a0<a href=\"https:\/\/www.estherschollum.at\/artists\/jon-svinghammar\/\" target=\"_blank\" rel=\"noopener\"><strong>Jon Svinghammar<\/strong><\/a>, just back from running the orchestra academy \u201cAccademia vicino\u201d, are on the rostrum at the\u00a0<a href=\"https:\/\/www.spielfelderkulturtage.com\/\" target=\"_blank\" rel=\"noopener\">Spielfelder Kulturtage<\/a>. Polz will conduct the\u00a0<a href=\"http:\/\/www.girardiensemble.at\/\" target=\"_blank\" rel=\"noopener\">Girardi-Ensemble<\/a>\u00a0through works by Bach and Bart\u00f3k, Svinghammar will offer a programme with works by Mozart and Mendelssohn.<\/p>\n<p align=\"left\"><a href=\"https:\/\/www.spielfelderkulturtage.com\/programm\" target=\"_blank\" rel=\"noopener\"><strong>Spielfelder Kulturtage<\/strong><\/a><br \/>\n<strong>Die Nacht der Streicher<\/strong>\u00a0(Night of the Strings)<br \/>\nJohann Sebastian Bach: Orchestra suite no.3 in D-major BWV 1068<br \/>\nWolfgang Amad\u00e9 Mozart: \u201cA Little Night Music\u201d Serenade No. 13 for Strings in G major, K. 525<br \/>\nB\u00e9la B\u00e1rt\u00f3k: Divertimento for String Orchestra, Sz. 113<br \/>\nGirardi Ensemble Graz<br \/>\n<a href=\"https:\/\/www.estherschollum.at\/artists\/erich-polz\/\" target=\"_blank\" rel=\"noopener\">Erich Polz<\/a>, conductor<br \/>\n<strong>September 1.<\/strong><\/p>\n<p align=\"left\"><strong>Die Nacht der Virtuosit\u00e4t<\/strong>\u00a0(Night of Virtuosity)<br \/>\nWolfgang Amad\u00e9 Mozart: Ouverture, \u201cLe nozze di Figaro\u201d, K. 492<br \/>\nFelix Mendelssohn Bartholdy: Violin Concerto in E minor, op. 64<br \/>\nWolfgang Amad\u00e9 Mozart: Symphony No. 41 in C major, K. 551 \u201cJupiter\u201d<br \/>\nTetiana Lutsyk, violin<br \/>\nGirardi Ensemble Graz<br \/>\n<a href=\"https:\/\/www.estherschollum.at\/artists\/jon-svinghammar\/\" target=\"_blank\" rel=\"noopener\">Jon Svinghammar<\/a>, conductor<br \/>\n<strong>September 2, 3.<\/strong><\/p>\n","protected":false},"excerpt":{"rendered":"<p>Erich Polz, who just celebrated a major success with his musical direction of operetta \u201cSissy\u201d at Schloss Tabor, and Swedish\u2026<\/p>\n","protected":false},"author":8,"featured_media":0,"comment_status":"closed","ping_status":"closed","sticky":false,"template":"","format":"standard","meta":{"_monsterinsights_skip_tracking":false,"_monsterinsights_sitenote_active":false,"_monsterinsights_sitenote_note":"","_monsterinsights_sitenote_category":0},"categories":[122],"acf":[],"yoast_head":"<!-- This site is optimized with the Yoast SEO plugin v17.7 - https:\/\/yoast.com\/wordpress\/plugins\/seo\/ -->\n<title>Erich Polz and Jon Svinghammar at the Spielfeld Days of Culture - Esther Schollum Artists Management Wien<\/title>\n<meta name=\"robots\" content=\"index, follow, max-snippet:-1, max-image-preview:large, max-video-preview:-1\" \/>\n<link rel=\"canonical\" href=\"https:\/\/www.estherschollum.at\/en\/news\/erich-polz-and-jon-svinghammar-at-the-spielfeld-days-of-culture\/\" \/>\n<meta property=\"og:locale\" content=\"en_US\" \/>\n<meta property=\"og:title\" content=\"Erich Polz and Jon Svinghammar at the Spielfeld Days of Culture - Esther Schollum Artists Management Wien\" \/>\n<meta property=\"og:description\" content=\"Erich Polz, who just celebrated a major success with his musical direction of operetta \u201cSissy\u201d at Schloss Tabor, and Swedish\u2026\" \/>\n<meta property=\"og:url\" content=\"https:\/\/www.estherschollum.at\/en\/news\/erich-polz-and-jon-svinghammar-at-the-spielfeld-days-of-culture\/\" \/>\n<meta property=\"og:site_name\" content=\"Esther Schollum Artists Management Wien\" \/>\n<meta property=\"article:published_time\" content=\"2022-09-07T08:09:07+00:00\" \/>\n<meta name=\"twitter:card\" content=\"summary_large_image\" \/>\n<meta name=\"twitter:label1\" content=\"Written by\" \/>\n\t<meta name=\"twitter:data1\" content=\"Martina Genb\u00f6ck\" \/>\n\t<meta name=\"twitter:label2\" content=\"Est. reading time\" \/>\n\t<meta name=\"twitter:data2\" content=\"1 minute\" \/>\n<script type=\"application\/ld+json\" class=\"yoast-schema-graph\">{\"@context\":\"https:\/\/schema.org\",\"@graph\":[{\"@type\":\"WebSite\",\"@id\":\"https:\/\/www.estherschollum.at\/#website\",\"url\":\"https:\/\/www.estherschollum.at\/\",\"name\":\"Esther Schollum Artists Management Wien\",\"description\":\"Esther Schollum Artists Management\",\"potentialAction\":[{\"@type\":\"SearchAction\",\"target\":{\"@type\":\"EntryPoint\",\"urlTemplate\":\"https:\/\/www.estherschollum.at\/?s={search_term_string}\"},\"query-input\":\"required name=search_term_string\"}],\"inLanguage\":\"en-US\"},{\"@type\":\"WebPage\",\"@id\":\"https:\/\/www.estherschollum.at\/en\/news\/erich-polz-and-jon-svinghammar-at-the-spielfeld-days-of-culture\/#webpage\",\"url\":\"https:\/\/www.estherschollum.at\/en\/news\/erich-polz-and-jon-svinghammar-at-the-spielfeld-days-of-culture\/\",\"name\":\"Erich Polz and Jon Svinghammar at the Spielfeld Days of Culture - Esther Schollum Artists Management Wien\",\"isPartOf\":{\"@id\":\"https:\/\/www.estherschollum.at\/#website\"},\"datePublished\":\"2022-09-07T08:09:07+00:00\",\"dateModified\":\"2022-09-07T08:09:07+00:00\",\"author\":{\"@id\":\"https:\/\/www.estherschollum.at\/#\/schema\/person\/70a628d405a7c3af7ca2a4f95de7148c\"},\"breadcrumb\":{\"@id\":\"https:\/\/www.estherschollum.at\/en\/news\/erich-polz-and-jon-svinghammar-at-the-spielfeld-days-of-culture\/#breadcrumb\"},\"inLanguage\":\"en-US\",\"potentialAction\":[{\"@type\":\"ReadAction\",\"target\":[\"https:\/\/www.estherschollum.at\/en\/news\/erich-polz-and-jon-svinghammar-at-the-spielfeld-days-of-culture\/\"]}]},{\"@type\":\"BreadcrumbList\",\"@id\":\"https:\/\/www.estherschollum.at\/en\/news\/erich-polz-and-jon-svinghammar-at-the-spielfeld-days-of-culture\/#breadcrumb\",\"itemListElement\":[{\"@type\":\"ListItem\",\"position\":1,\"name\":\"Home\",\"item\":\"https:\/\/www.estherschollum.at\/en\/\"},{\"@type\":\"ListItem\",\"position\":2,\"name\":\"Erich Polz and Jon Svinghammar at the Spielfeld Days of Culture\"}]},{\"@type\":\"Person\",\"@id\":\"https:\/\/www.estherschollum.at\/#\/schema\/person\/70a628d405a7c3af7ca2a4f95de7148c\",\"name\":\"Martina Genb\\u00f6ck\",\"image\":{\"@type\":\"ImageObject\",\"@id\":\"https:\/\/www.estherschollum.at\/#personlogo\",\"inLanguage\":\"en-US\",\"url\":\"https:\/\/secure.gravatar.com\/avatar\/8d42d23102ef5e33c8f2402c6ee495fd?s=96&d=mm&r=g\",\"contentUrl\":\"https:\/\/secure.gravatar.com\/avatar\/8d42d23102ef5e33c8f2402c6ee495fd?s=96&d=mm&r=g\",\"caption\":\"Martina Genb\\u00f6ck\"},\"sameAs\":[\"http:\/\/host-107245.webhosting.magentabusiness.at\/estherschollum.at\"],\"url\":\"https:\/\/www.estherschollum.at\/en\/news\/author\/gruber\/\"}]}<\/script>\n<!-- \/ Yoast SEO plugin. -->","yoast_head_json":{"title":"Erich Polz and Jon Svinghammar at the Spielfeld Days of Culture - Esther Schollum Artists Management Wien","robots":{"index":"index","follow":"follow","max-snippet":"max-snippet:-1","max-image-preview":"max-image-preview:large","max-video-preview":"max-video-preview:-1"},"canonical":"https:\/\/www.estherschollum.at\/en\/news\/erich-polz-and-jon-svinghammar-at-the-spielfeld-days-of-culture\/","og_locale":"en_US","og_title":"Erich Polz and Jon Svinghammar at the Spielfeld Days of Culture - Esther Schollum Artists Management Wien","og_description":"Erich Polz, who just celebrated a major success with his musical direction of operetta \u201cSissy\u201d at Schloss Tabor, and Swedish\u2026","og_url":"https:\/\/www.estherschollum.at\/en\/news\/erich-polz-and-jon-svinghammar-at-the-spielfeld-days-of-culture\/","og_site_name":"Esther Schollum Artists Management Wien","article_published_time":"2022-09-07T08:09:07+00:00","twitter_card":"summary_large_image","twitter_misc":{"Written by":"Martina Genb\u00f6ck","Est. reading time":"1 minute"},"schema":{"@context":"https:\/\/schema.org","@graph":[{"@type":"WebSite","@id":"https:\/\/www.estherschollum.at\/#website","url":"https:\/\/www.estherschollum.at\/","name":"Esther Schollum Artists Management Wien","description":"Esther Schollum Artists Management","potentialAction":[{"@type":"SearchAction","target":{"@type":"EntryPoint","urlTemplate":"https:\/\/www.estherschollum.at\/?s={search_term_string}"},"query-input":"required name=search_term_string"}],"inLanguage":"en-US"},{"@type":"WebPage","@id":"https:\/\/www.estherschollum.at\/en\/news\/erich-polz-and-jon-svinghammar-at-the-spielfeld-days-of-culture\/#webpage","url":"https:\/\/www.estherschollum.at\/en\/news\/erich-polz-and-jon-svinghammar-at-the-spielfeld-days-of-culture\/","name":"Erich Polz and Jon Svinghammar at the Spielfeld Days of Culture - Esther Schollum Artists Management Wien","isPartOf":{"@id":"https:\/\/www.estherschollum.at\/#website"},"datePublished":"2022-09-07T08:09:07+00:00","dateModified":"2022-09-07T08:09:07+00:00","author":{"@id":"https:\/\/www.estherschollum.at\/#\/schema\/person\/70a628d405a7c3af7ca2a4f95de7148c"},"breadcrumb":{"@id":"https:\/\/www.estherschollum.at\/en\/news\/erich-polz-and-jon-svinghammar-at-the-spielfeld-days-of-culture\/#breadcrumb"},"inLanguage":"en-US","potentialAction":[{"@type":"ReadAction","target":["https:\/\/www.estherschollum.at\/en\/news\/erich-polz-and-jon-svinghammar-at-the-spielfeld-days-of-culture\/"]}]},{"@type":"BreadcrumbList","@id":"https:\/\/www.estherschollum.at\/en\/news\/erich-polz-and-jon-svinghammar-at-the-spielfeld-days-of-culture\/#breadcrumb","itemListElement":[{"@type":"ListItem","position":1,"name":"Home","item":"https:\/\/www.estherschollum.at\/en\/"},{"@type":"ListItem","position":2,"name":"Erich Polz and Jon Svinghammar at the Spielfeld Days of Culture"}]},{"@type":"Person","@id":"https:\/\/www.estherschollum.at\/#\/schema\/person\/70a628d405a7c3af7ca2a4f95de7148c","name":"Martina Genb\u00f6ck","image":{"@type":"ImageObject","@id":"https:\/\/www.estherschollum.at\/#personlogo","inLanguage":"en-US","url":"https:\/\/secure.gravatar.com\/avatar\/8d42d23102ef5e33c8f2402c6ee495fd?s=96&d=mm&r=g","contentUrl":"https:\/\/secure.gravatar.com\/avatar\/8d42d23102ef5e33c8f2402c6ee495fd?s=96&d=mm&r=g","caption":"Martina Genb\u00f6ck"},"sameAs":["http:\/\/host-107245.webhosting.magentabusiness.at\/estherschollum.at"],"url":"https:\/\/www.estherschollum.at\/en\/news\/author\/gruber\/"}]}},"_links":{"self":[{"href":"https:\/\/www.estherschollum.at\/en\/wp-json\/wp\/v2\/posts\/8281"}],"collection":[{"href":"https:\/\/www.estherschollum.at\/en\/wp-json\/wp\/v2\/posts"}],"about":[{"href":"https:\/\/www.estherschollum.at\/en\/wp-json\/wp\/v2\/types\/post"}],"author":[{"embeddable":true,"href":"https:\/\/www.estherschollum.at\/en\/wp-json\/wp\/v2\/users\/8"}],"replies":[{"embeddable":true,"href":"https:\/\/www.estherschollum.at\/en\/wp-json\/wp\/v2\/comments?post=8281"}],"version-history":[{"count":1,"href":"https:\/\/www.estherschollum.at\/en\/wp-json\/wp\/v2\/posts\/8281\/revisions"}],"predecessor-version":[{"id":8282,"href":"https:\/\/www.estherschollum.at\/en\/wp-json\/wp\/v2\/posts\/8281\/revisions\/8282"}],"wp:attachment":[{"href":"https:\/\/www.estherschollum.at\/en\/wp-json\/wp\/v2\/media?parent=8281"}],"wp:term":[{"taxonomy":"category","embeddable":true,"href":"https:\/\/www.estherschollum.at\/en\/wp-json\/wp\/v2\/categories?post=8281"}],"curies":[{"name":"wp","href":"https:\/\/api.w.org\/{rel}","templated":true}]}}