{"id":7487,"date":"2021-11-25T11:57:54","date_gmt":"2021-11-25T10:57:54","guid":{"rendered":"https:\/\/www.estherschollum.at\/?p=7487"},"modified":"2021-11-25T11:57:54","modified_gmt":"2021-11-25T10:57:54","slug":"contemporary-opera-fabrice-di-falco-sings-philip-glass-akhnaten","status":"publish","type":"post","link":"https:\/\/www.estherschollum.at\/en\/news\/contemporary-opera-fabrice-di-falco-sings-philip-glass-akhnaten\/","title":{"rendered":"Contemporary Opera: Fabrice di Falco sings Philip Glass\u2019 Akhnaten"},"content":{"rendered":"<p align=\"left\">Back in 2020, countertenor\u00a0<a href=\"https:\/\/www.estherschollum.at\/artists\/fabrice-di-falco\/\" target=\"_blank\" rel=\"noopener\"><strong>Fabrice di Falco<\/strong><\/a>\u00a0and his public had to make do without the directness and the energy of performing for a live audience. Now, finally, the new production of Philip Glass\u2019\u00a0<a href=\"https:\/\/www.opera-nice.org\/en\/evenement\/626\/akhnaten\" target=\"_blank\" rel=\"noopener\">\u201cAkhnaten\u201d<\/a>, staged by Lucinda Childs and conducted by L\u00e9o Warynski, has its live premi\u00e8re at the Op\u00e9ra Nice C\u00f4te d\u2019Azur.\u00a0<a href=\"https:\/\/www.estherschollum.at\/artists\/fabrice-di-falco\/\" target=\"_blank\" rel=\"noopener\">Fabrice di Falco<\/a>\u00a0makes the great pharaoh, who attempted to convert his empire to an early monotheism, come alive on stage, from the young ruler\u2019s ascension to the throne to his (ahistorical) violent overthrow.<\/p>\n<p align=\"left\"><strong>Op\u00e9ra de Nice<\/strong><br \/>\n<a href=\"https:\/\/www.opera-nice.org\/en\/evenement\/626\/akhnaten\" target=\"_blank\" rel=\"noopener\">Philip Glass: \u201cAkhnaten\u201d<\/a><br \/>\n<a href=\"https:\/\/www.estherschollum.at\/artists\/fabrice-di-falco\/\" target=\"_blank\" rel=\"noopener\">Fabrice Di Falco<\/a>: Akhnaten<br \/>\n<strong>November 12th (premi\u00e8re), 14th, 16th<\/strong><\/p>\n","protected":false},"excerpt":{"rendered":"<p>Back in 2020, countertenor\u00a0Fabrice di Falco\u00a0and his public had to make do without the directness and the energy of performing\u2026<\/p>\n","protected":false},"author":8,"featured_media":0,"comment_status":"closed","ping_status":"closed","sticky":false,"template":"","format":"standard","meta":{"_monsterinsights_skip_tracking":false,"_monsterinsights_sitenote_active":false,"_monsterinsights_sitenote_note":"","_monsterinsights_sitenote_category":0},"categories":[101],"acf":[],"yoast_head":"<!-- This site is optimized with the Yoast SEO plugin v17.7 - https:\/\/yoast.com\/wordpress\/plugins\/seo\/ -->\n<title>Contemporary Opera: Fabrice di Falco sings Philip Glass\u2019 Akhnaten - Esther Schollum Artists Management Wien<\/title>\n<meta name=\"robots\" content=\"index, follow, max-snippet:-1, max-image-preview:large, max-video-preview:-1\" \/>\n<link rel=\"canonical\" href=\"https:\/\/www.estherschollum.at\/en\/news\/contemporary-opera-fabrice-di-falco-sings-philip-glass-akhnaten\/\" \/>\n<meta property=\"og:locale\" content=\"en_US\" \/>\n<meta property=\"og:title\" content=\"Contemporary Opera: Fabrice di Falco sings Philip Glass\u2019 Akhnaten - Esther Schollum Artists Management Wien\" \/>\n<meta property=\"og:description\" content=\"Back in 2020, countertenor\u00a0Fabrice di Falco\u00a0and his public had to make do without the directness and the energy of performing\u2026\" \/>\n<meta property=\"og:url\" content=\"https:\/\/www.estherschollum.at\/en\/news\/contemporary-opera-fabrice-di-falco-sings-philip-glass-akhnaten\/\" \/>\n<meta property=\"og:site_name\" content=\"Esther Schollum Artists Management Wien\" \/>\n<meta property=\"article:published_time\" content=\"2021-11-25T10:57:54+00:00\" \/>\n<meta name=\"twitter:card\" content=\"summary_large_image\" \/>\n<meta name=\"twitter:label1\" content=\"Written by\" \/>\n\t<meta name=\"twitter:data1\" content=\"Martina Genb\u00f6ck\" \/>\n\t<meta name=\"twitter:label2\" content=\"Est. reading time\" \/>\n\t<meta name=\"twitter:data2\" content=\"1 minute\" \/>\n<script type=\"application\/ld+json\" class=\"yoast-schema-graph\">{\"@context\":\"https:\/\/schema.org\",\"@graph\":[{\"@type\":\"WebSite\",\"@id\":\"https:\/\/www.estherschollum.at\/#website\",\"url\":\"https:\/\/www.estherschollum.at\/\",\"name\":\"Esther Schollum Artists Management Wien\",\"description\":\"Esther Schollum Artists Management\",\"potentialAction\":[{\"@type\":\"SearchAction\",\"target\":{\"@type\":\"EntryPoint\",\"urlTemplate\":\"https:\/\/www.estherschollum.at\/?s={search_term_string}\"},\"query-input\":\"required name=search_term_string\"}],\"inLanguage\":\"en-US\"},{\"@type\":\"WebPage\",\"@id\":\"https:\/\/www.estherschollum.at\/en\/news\/contemporary-opera-fabrice-di-falco-sings-philip-glass-akhnaten\/#webpage\",\"url\":\"https:\/\/www.estherschollum.at\/en\/news\/contemporary-opera-fabrice-di-falco-sings-philip-glass-akhnaten\/\",\"name\":\"Contemporary Opera: Fabrice di Falco sings Philip Glass\\u2019 Akhnaten - Esther Schollum Artists Management Wien\",\"isPartOf\":{\"@id\":\"https:\/\/www.estherschollum.at\/#website\"},\"datePublished\":\"2021-11-25T10:57:54+00:00\",\"dateModified\":\"2021-11-25T10:57:54+00:00\",\"author\":{\"@id\":\"https:\/\/www.estherschollum.at\/#\/schema\/person\/70a628d405a7c3af7ca2a4f95de7148c\"},\"breadcrumb\":{\"@id\":\"https:\/\/www.estherschollum.at\/en\/news\/contemporary-opera-fabrice-di-falco-sings-philip-glass-akhnaten\/#breadcrumb\"},\"inLanguage\":\"en-US\",\"potentialAction\":[{\"@type\":\"ReadAction\",\"target\":[\"https:\/\/www.estherschollum.at\/en\/news\/contemporary-opera-fabrice-di-falco-sings-philip-glass-akhnaten\/\"]}]},{\"@type\":\"BreadcrumbList\",\"@id\":\"https:\/\/www.estherschollum.at\/en\/news\/contemporary-opera-fabrice-di-falco-sings-philip-glass-akhnaten\/#breadcrumb\",\"itemListElement\":[{\"@type\":\"ListItem\",\"position\":1,\"name\":\"Home\",\"item\":\"https:\/\/www.estherschollum.at\/en\/\"},{\"@type\":\"ListItem\",\"position\":2,\"name\":\"Contemporary Opera: Fabrice di Falco sings Philip Glass\\u2019 Akhnaten\"}]},{\"@type\":\"Person\",\"@id\":\"https:\/\/www.estherschollum.at\/#\/schema\/person\/70a628d405a7c3af7ca2a4f95de7148c\",\"name\":\"Martina Genb\\u00f6ck\",\"image\":{\"@type\":\"ImageObject\",\"@id\":\"https:\/\/www.estherschollum.at\/#personlogo\",\"inLanguage\":\"en-US\",\"url\":\"https:\/\/secure.gravatar.com\/avatar\/8d42d23102ef5e33c8f2402c6ee495fd?s=96&d=mm&r=g\",\"contentUrl\":\"https:\/\/secure.gravatar.com\/avatar\/8d42d23102ef5e33c8f2402c6ee495fd?s=96&d=mm&r=g\",\"caption\":\"Martina Genb\\u00f6ck\"},\"sameAs\":[\"http:\/\/host-107245.webhosting.magentabusiness.at\/estherschollum.at\"],\"url\":\"https:\/\/www.estherschollum.at\/en\/news\/author\/gruber\/\"}]}<\/script>\n<!-- \/ Yoast SEO plugin. -->","yoast_head_json":{"title":"Contemporary Opera: Fabrice di Falco sings Philip Glass\u2019 Akhnaten - Esther Schollum Artists Management Wien","robots":{"index":"index","follow":"follow","max-snippet":"max-snippet:-1","max-image-preview":"max-image-preview:large","max-video-preview":"max-video-preview:-1"},"canonical":"https:\/\/www.estherschollum.at\/en\/news\/contemporary-opera-fabrice-di-falco-sings-philip-glass-akhnaten\/","og_locale":"en_US","og_title":"Contemporary Opera: Fabrice di Falco sings Philip Glass\u2019 Akhnaten - Esther Schollum Artists Management Wien","og_description":"Back in 2020, countertenor\u00a0Fabrice di Falco\u00a0and his public had to make do without the directness and the energy of performing\u2026","og_url":"https:\/\/www.estherschollum.at\/en\/news\/contemporary-opera-fabrice-di-falco-sings-philip-glass-akhnaten\/","og_site_name":"Esther Schollum Artists Management Wien","article_published_time":"2021-11-25T10:57:54+00:00","twitter_card":"summary_large_image","twitter_misc":{"Written by":"Martina Genb\u00f6ck","Est. reading time":"1 minute"},"schema":{"@context":"https:\/\/schema.org","@graph":[{"@type":"WebSite","@id":"https:\/\/www.estherschollum.at\/#website","url":"https:\/\/www.estherschollum.at\/","name":"Esther Schollum Artists Management Wien","description":"Esther Schollum Artists Management","potentialAction":[{"@type":"SearchAction","target":{"@type":"EntryPoint","urlTemplate":"https:\/\/www.estherschollum.at\/?s={search_term_string}"},"query-input":"required name=search_term_string"}],"inLanguage":"en-US"},{"@type":"WebPage","@id":"https:\/\/www.estherschollum.at\/en\/news\/contemporary-opera-fabrice-di-falco-sings-philip-glass-akhnaten\/#webpage","url":"https:\/\/www.estherschollum.at\/en\/news\/contemporary-opera-fabrice-di-falco-sings-philip-glass-akhnaten\/","name":"Contemporary Opera: Fabrice di Falco sings Philip Glass\u2019 Akhnaten - Esther Schollum Artists Management Wien","isPartOf":{"@id":"https:\/\/www.estherschollum.at\/#website"},"datePublished":"2021-11-25T10:57:54+00:00","dateModified":"2021-11-25T10:57:54+00:00","author":{"@id":"https:\/\/www.estherschollum.at\/#\/schema\/person\/70a628d405a7c3af7ca2a4f95de7148c"},"breadcrumb":{"@id":"https:\/\/www.estherschollum.at\/en\/news\/contemporary-opera-fabrice-di-falco-sings-philip-glass-akhnaten\/#breadcrumb"},"inLanguage":"en-US","potentialAction":[{"@type":"ReadAction","target":["https:\/\/www.estherschollum.at\/en\/news\/contemporary-opera-fabrice-di-falco-sings-philip-glass-akhnaten\/"]}]},{"@type":"BreadcrumbList","@id":"https:\/\/www.estherschollum.at\/en\/news\/contemporary-opera-fabrice-di-falco-sings-philip-glass-akhnaten\/#breadcrumb","itemListElement":[{"@type":"ListItem","position":1,"name":"Home","item":"https:\/\/www.estherschollum.at\/en\/"},{"@type":"ListItem","position":2,"name":"Contemporary Opera: Fabrice di Falco sings Philip Glass\u2019 Akhnaten"}]},{"@type":"Person","@id":"https:\/\/www.estherschollum.at\/#\/schema\/person\/70a628d405a7c3af7ca2a4f95de7148c","name":"Martina Genb\u00f6ck","image":{"@type":"ImageObject","@id":"https:\/\/www.estherschollum.at\/#personlogo","inLanguage":"en-US","url":"https:\/\/secure.gravatar.com\/avatar\/8d42d23102ef5e33c8f2402c6ee495fd?s=96&d=mm&r=g","contentUrl":"https:\/\/secure.gravatar.com\/avatar\/8d42d23102ef5e33c8f2402c6ee495fd?s=96&d=mm&r=g","caption":"Martina Genb\u00f6ck"},"sameAs":["http:\/\/host-107245.webhosting.magentabusiness.at\/estherschollum.at"],"url":"https:\/\/www.estherschollum.at\/en\/news\/author\/gruber\/"}]}},"_links":{"self":[{"href":"https:\/\/www.estherschollum.at\/en\/wp-json\/wp\/v2\/posts\/7487"}],"collection":[{"href":"https:\/\/www.estherschollum.at\/en\/wp-json\/wp\/v2\/posts"}],"about":[{"href":"https:\/\/www.estherschollum.at\/en\/wp-json\/wp\/v2\/types\/post"}],"author":[{"embeddable":true,"href":"https:\/\/www.estherschollum.at\/en\/wp-json\/wp\/v2\/users\/8"}],"replies":[{"embeddable":true,"href":"https:\/\/www.estherschollum.at\/en\/wp-json\/wp\/v2\/comments?post=7487"}],"version-history":[{"count":1,"href":"https:\/\/www.estherschollum.at\/en\/wp-json\/wp\/v2\/posts\/7487\/revisions"}],"predecessor-version":[{"id":7489,"href":"https:\/\/www.estherschollum.at\/en\/wp-json\/wp\/v2\/posts\/7487\/revisions\/7489"}],"wp:attachment":[{"href":"https:\/\/www.estherschollum.at\/en\/wp-json\/wp\/v2\/media?parent=7487"}],"wp:term":[{"taxonomy":"category","embeddable":true,"href":"https:\/\/www.estherschollum.at\/en\/wp-json\/wp\/v2\/categories?post=7487"}],"curies":[{"name":"wp","href":"https:\/\/api.w.org\/{rel}","templated":true}]}}