{"id":6791,"date":"2020-10-28T17:21:01","date_gmt":"2020-10-28T16:21:01","guid":{"rendered":"https:\/\/www.estherschollum.at\/?p=6791"},"modified":"2020-10-28T17:21:01","modified_gmt":"2020-10-28T16:21:01","slug":"premiere-fabrice-di-falco-as-akhnaten-at-the-opera-de-nice","status":"publish","type":"post","link":"https:\/\/www.estherschollum.at\/en\/news\/premiere-fabrice-di-falco-as-akhnaten-at-the-opera-de-nice\/","title":{"rendered":"Premiere: Fabrice di Falco as Akhnaten at the Op\u00e9ra de Nice"},"content":{"rendered":"<p>The Op\u00e9ra Nice C\u00f4te d\u2019Azur has chosen <a href=\"https:\/\/sable.madmimi.com\/c\/10323?id=57728.13245.1.d486eef16080a68b8c8c5cd82bf80cce\"><strong>Fabrice di Falco<\/strong><\/a>, hailing from Martinique, for the role of Akhnaten in Philip Glass\u2019 <a href=\"https:\/\/sable.madmimi.com\/c\/10323?id=57728.13246.1.bac09034da4f212693dfd48e8f0038ff\">eponymous opera<\/a>. L\u00e9o Warynski on the rostrum and Lucinda Childs as stage director and choreographer recreate the New Kingdom, and the countertenor brings the great Pharaoh to life who replaced Egypt\u2019s pantheon with the cult of the sun god Aton. Basing his work on inscriptions found in the pyramids, Glass describes Akhnaten\u2019s life from his ascension to the throne to his\u2014unsubstantiated\u2014violent overthrow.<\/p>\n<p><a href=\"https:\/\/sable.madmimi.com\/c\/10323?id=57728.13247.1.eaced041564df2a0ba862e3837aeb437\"><strong>Op\u00e9ra Nice C\u00f4te d\u2019Azur<\/strong><br \/>\nPhilip Glass: \u201cAkhnaten\u201d<\/a><br \/>\n<a href=\"https:\/\/sable.madmimi.com\/c\/10323?id=57728.13248.1.b3a6afd7c479297be8a779039bbb3861\">Fabrice di Falco<\/a>: Akhnaten<br \/>\n<strong>Nov. 1st (premi\u00e8re)<\/strong>, 3rd, 5th, 7th.<\/p>\n","protected":false},"excerpt":{"rendered":"<p>The Op\u00e9ra Nice C\u00f4te d\u2019Azur has chosen Fabrice di Falco, hailing from Martinique, for the role of Akhnaten in Philip\u2026<\/p>\n","protected":false},"author":5,"featured_media":0,"comment_status":"closed","ping_status":"closed","sticky":false,"template":"","format":"standard","meta":{"_monsterinsights_skip_tracking":false,"_monsterinsights_sitenote_active":false,"_monsterinsights_sitenote_note":"","_monsterinsights_sitenote_category":0},"categories":[82],"acf":[],"yoast_head":"<!-- This site is optimized with the Yoast SEO plugin v17.7 - https:\/\/yoast.com\/wordpress\/plugins\/seo\/ -->\n<title>Premiere: Fabrice di Falco as Akhnaten at the Op\u00e9ra de Nice - Esther Schollum Artists Management Wien<\/title>\n<meta name=\"robots\" content=\"index, follow, max-snippet:-1, max-image-preview:large, max-video-preview:-1\" \/>\n<link rel=\"canonical\" href=\"https:\/\/www.estherschollum.at\/en\/news\/premiere-fabrice-di-falco-as-akhnaten-at-the-opera-de-nice\/\" \/>\n<meta property=\"og:locale\" content=\"en_US\" \/>\n<meta property=\"og:title\" content=\"Premiere: Fabrice di Falco as Akhnaten at the Op\u00e9ra de Nice - Esther Schollum Artists Management Wien\" \/>\n<meta property=\"og:description\" content=\"The Op\u00e9ra Nice C\u00f4te d\u2019Azur has chosen Fabrice di Falco, hailing from Martinique, for the role of Akhnaten in Philip\u2026\" \/>\n<meta property=\"og:url\" content=\"https:\/\/www.estherschollum.at\/en\/news\/premiere-fabrice-di-falco-as-akhnaten-at-the-opera-de-nice\/\" \/>\n<meta property=\"og:site_name\" content=\"Esther Schollum Artists Management Wien\" \/>\n<meta property=\"article:published_time\" content=\"2020-10-28T16:21:01+00:00\" \/>\n<meta name=\"twitter:card\" content=\"summary_large_image\" \/>\n<meta name=\"twitter:label1\" content=\"Written by\" \/>\n\t<meta name=\"twitter:data1\" content=\"Esther Schollum\" \/>\n\t<meta name=\"twitter:label2\" content=\"Est. reading time\" \/>\n\t<meta name=\"twitter:data2\" content=\"1 minute\" \/>\n<script type=\"application\/ld+json\" class=\"yoast-schema-graph\">{\"@context\":\"https:\/\/schema.org\",\"@graph\":[{\"@type\":\"WebSite\",\"@id\":\"https:\/\/www.estherschollum.at\/#website\",\"url\":\"https:\/\/www.estherschollum.at\/\",\"name\":\"Esther Schollum Artists Management Wien\",\"description\":\"Esther Schollum Artists Management\",\"potentialAction\":[{\"@type\":\"SearchAction\",\"target\":{\"@type\":\"EntryPoint\",\"urlTemplate\":\"https:\/\/www.estherschollum.at\/?s={search_term_string}\"},\"query-input\":\"required name=search_term_string\"}],\"inLanguage\":\"en-US\"},{\"@type\":\"WebPage\",\"@id\":\"https:\/\/www.estherschollum.at\/en\/news\/premiere-fabrice-di-falco-as-akhnaten-at-the-opera-de-nice\/#webpage\",\"url\":\"https:\/\/www.estherschollum.at\/en\/news\/premiere-fabrice-di-falco-as-akhnaten-at-the-opera-de-nice\/\",\"name\":\"Premiere: Fabrice di Falco as Akhnaten at the Op\\u00e9ra de Nice - Esther Schollum Artists Management Wien\",\"isPartOf\":{\"@id\":\"https:\/\/www.estherschollum.at\/#website\"},\"datePublished\":\"2020-10-28T16:21:01+00:00\",\"dateModified\":\"2020-10-28T16:21:01+00:00\",\"author\":{\"@id\":\"https:\/\/www.estherschollum.at\/#\/schema\/person\/cb660c3782d70e542ae20d5ab703c134\"},\"breadcrumb\":{\"@id\":\"https:\/\/www.estherschollum.at\/en\/news\/premiere-fabrice-di-falco-as-akhnaten-at-the-opera-de-nice\/#breadcrumb\"},\"inLanguage\":\"en-US\",\"potentialAction\":[{\"@type\":\"ReadAction\",\"target\":[\"https:\/\/www.estherschollum.at\/en\/news\/premiere-fabrice-di-falco-as-akhnaten-at-the-opera-de-nice\/\"]}]},{\"@type\":\"BreadcrumbList\",\"@id\":\"https:\/\/www.estherschollum.at\/en\/news\/premiere-fabrice-di-falco-as-akhnaten-at-the-opera-de-nice\/#breadcrumb\",\"itemListElement\":[{\"@type\":\"ListItem\",\"position\":1,\"name\":\"Home\",\"item\":\"https:\/\/www.estherschollum.at\/en\/\"},{\"@type\":\"ListItem\",\"position\":2,\"name\":\"Premiere: Fabrice di Falco as Akhnaten at the Op\\u00e9ra de Nice\"}]},{\"@type\":\"Person\",\"@id\":\"https:\/\/www.estherschollum.at\/#\/schema\/person\/cb660c3782d70e542ae20d5ab703c134\",\"name\":\"Esther Schollum\",\"image\":{\"@type\":\"ImageObject\",\"@id\":\"https:\/\/www.estherschollum.at\/#personlogo\",\"inLanguage\":\"en-US\",\"url\":\"https:\/\/secure.gravatar.com\/avatar\/10c2501ce3e8a2124574391dae02e063?s=96&d=mm&r=g\",\"contentUrl\":\"https:\/\/secure.gravatar.com\/avatar\/10c2501ce3e8a2124574391dae02e063?s=96&d=mm&r=g\",\"caption\":\"Esther Schollum\"},\"sameAs\":[\"https:\/\/www.estherschollum.at\/\"],\"url\":\"https:\/\/www.estherschollum.at\/en\/news\/author\/schollum\/\"}]}<\/script>\n<!-- \/ Yoast SEO plugin. -->","yoast_head_json":{"title":"Premiere: Fabrice di Falco as Akhnaten at the Op\u00e9ra de Nice - Esther Schollum Artists Management Wien","robots":{"index":"index","follow":"follow","max-snippet":"max-snippet:-1","max-image-preview":"max-image-preview:large","max-video-preview":"max-video-preview:-1"},"canonical":"https:\/\/www.estherschollum.at\/en\/news\/premiere-fabrice-di-falco-as-akhnaten-at-the-opera-de-nice\/","og_locale":"en_US","og_title":"Premiere: Fabrice di Falco as Akhnaten at the Op\u00e9ra de Nice - Esther Schollum Artists Management Wien","og_description":"The Op\u00e9ra Nice C\u00f4te d\u2019Azur has chosen Fabrice di Falco, hailing from Martinique, for the role of Akhnaten in Philip\u2026","og_url":"https:\/\/www.estherschollum.at\/en\/news\/premiere-fabrice-di-falco-as-akhnaten-at-the-opera-de-nice\/","og_site_name":"Esther Schollum Artists Management Wien","article_published_time":"2020-10-28T16:21:01+00:00","twitter_card":"summary_large_image","twitter_misc":{"Written by":"Esther Schollum","Est. reading time":"1 minute"},"schema":{"@context":"https:\/\/schema.org","@graph":[{"@type":"WebSite","@id":"https:\/\/www.estherschollum.at\/#website","url":"https:\/\/www.estherschollum.at\/","name":"Esther Schollum Artists Management Wien","description":"Esther Schollum Artists Management","potentialAction":[{"@type":"SearchAction","target":{"@type":"EntryPoint","urlTemplate":"https:\/\/www.estherschollum.at\/?s={search_term_string}"},"query-input":"required name=search_term_string"}],"inLanguage":"en-US"},{"@type":"WebPage","@id":"https:\/\/www.estherschollum.at\/en\/news\/premiere-fabrice-di-falco-as-akhnaten-at-the-opera-de-nice\/#webpage","url":"https:\/\/www.estherschollum.at\/en\/news\/premiere-fabrice-di-falco-as-akhnaten-at-the-opera-de-nice\/","name":"Premiere: Fabrice di Falco as Akhnaten at the Op\u00e9ra de Nice - Esther Schollum Artists Management Wien","isPartOf":{"@id":"https:\/\/www.estherschollum.at\/#website"},"datePublished":"2020-10-28T16:21:01+00:00","dateModified":"2020-10-28T16:21:01+00:00","author":{"@id":"https:\/\/www.estherschollum.at\/#\/schema\/person\/cb660c3782d70e542ae20d5ab703c134"},"breadcrumb":{"@id":"https:\/\/www.estherschollum.at\/en\/news\/premiere-fabrice-di-falco-as-akhnaten-at-the-opera-de-nice\/#breadcrumb"},"inLanguage":"en-US","potentialAction":[{"@type":"ReadAction","target":["https:\/\/www.estherschollum.at\/en\/news\/premiere-fabrice-di-falco-as-akhnaten-at-the-opera-de-nice\/"]}]},{"@type":"BreadcrumbList","@id":"https:\/\/www.estherschollum.at\/en\/news\/premiere-fabrice-di-falco-as-akhnaten-at-the-opera-de-nice\/#breadcrumb","itemListElement":[{"@type":"ListItem","position":1,"name":"Home","item":"https:\/\/www.estherschollum.at\/en\/"},{"@type":"ListItem","position":2,"name":"Premiere: Fabrice di Falco as Akhnaten at the Op\u00e9ra de Nice"}]},{"@type":"Person","@id":"https:\/\/www.estherschollum.at\/#\/schema\/person\/cb660c3782d70e542ae20d5ab703c134","name":"Esther Schollum","image":{"@type":"ImageObject","@id":"https:\/\/www.estherschollum.at\/#personlogo","inLanguage":"en-US","url":"https:\/\/secure.gravatar.com\/avatar\/10c2501ce3e8a2124574391dae02e063?s=96&d=mm&r=g","contentUrl":"https:\/\/secure.gravatar.com\/avatar\/10c2501ce3e8a2124574391dae02e063?s=96&d=mm&r=g","caption":"Esther Schollum"},"sameAs":["https:\/\/www.estherschollum.at\/"],"url":"https:\/\/www.estherschollum.at\/en\/news\/author\/schollum\/"}]}},"_links":{"self":[{"href":"https:\/\/www.estherschollum.at\/en\/wp-json\/wp\/v2\/posts\/6791"}],"collection":[{"href":"https:\/\/www.estherschollum.at\/en\/wp-json\/wp\/v2\/posts"}],"about":[{"href":"https:\/\/www.estherschollum.at\/en\/wp-json\/wp\/v2\/types\/post"}],"author":[{"embeddable":true,"href":"https:\/\/www.estherschollum.at\/en\/wp-json\/wp\/v2\/users\/5"}],"replies":[{"embeddable":true,"href":"https:\/\/www.estherschollum.at\/en\/wp-json\/wp\/v2\/comments?post=6791"}],"version-history":[{"count":1,"href":"https:\/\/www.estherschollum.at\/en\/wp-json\/wp\/v2\/posts\/6791\/revisions"}],"predecessor-version":[{"id":6792,"href":"https:\/\/www.estherschollum.at\/en\/wp-json\/wp\/v2\/posts\/6791\/revisions\/6792"}],"wp:attachment":[{"href":"https:\/\/www.estherschollum.at\/en\/wp-json\/wp\/v2\/media?parent=6791"}],"wp:term":[{"taxonomy":"category","embeddable":true,"href":"https:\/\/www.estherschollum.at\/en\/wp-json\/wp\/v2\/categories?post=6791"}],"curies":[{"name":"wp","href":"https:\/\/api.w.org\/{rel}","templated":true}]}}