{"id":6783,"date":"2020-10-28T17:16:51","date_gmt":"2020-10-28T16:16:51","guid":{"rendered":"https:\/\/www.estherschollum.at\/?p=6783"},"modified":"2020-10-28T17:16:51","modified_gmt":"2020-10-28T16:16:51","slug":"premiere-unnsteinn-arnason-as-kuligin-katja-kabanova-in-innsbruck","status":"publish","type":"post","link":"https:\/\/www.estherschollum.at\/en\/news\/premiere-unnsteinn-arnason-as-kuligin-katja-kabanova-in-innsbruck\/","title":{"rendered":"Premi\u00e8re: Unnsteinn \u00c1rnason as Kuligin (\u201cKatja Kabanova\u201d) in Innsbruck"},"content":{"rendered":"<p><a href=\"https:\/\/sable.madmimi.com\/c\/10323?id=57728.13266.1.02bb37024f5e1f87a9de218aefa7b70c\"><strong>Unnsteinn \u00c1rnason<\/strong><\/a>, member of the ensemble at the Tiroler Landestheater in Innsbruck, will soon be on stage as Kuligin in Leo\u0161 Jan\u00e1\u010dek\u2019s <a href=\"https:\/\/sable.madmimi.com\/c\/10323?id=57728.13267.1.b3f2b1f864bf9f1a6c7092d2f89f6d4d\">\u201cKatja Kabanova\u201d<\/a>. The role might as well have been written specifically for him, just like the role of hermit in Carl Maria von Weber\u2019s <a href=\"https:\/\/sable.madmimi.com\/c\/10323?id=57728.13268.1.49dba37c201daf6b4a250b66d2659bd9\">\u201cDer Freisch\u00fctz\u201d<\/a> in which the young Icelandic bass recently found great acclaim.<\/p>\n<p><a href=\"https:\/\/sable.madmimi.com\/c\/10323?id=57728.13269.1.41f221a6a9e726322be06fac0a25c33f\"><strong>Tiroler Landestheater Innsbruck<\/strong><br \/>\nLeo\u0161 Jan\u00e1\u010dek: Katja Kabanova<\/a><br \/>\n<a href=\"https:\/\/sable.madmimi.com\/c\/10323?id=57728.13270.1.85756715d8ccfe696490d6c1c7cfd06e\">Unnsteinn \u00c1rnason<\/a>: Kuligin<br \/>\n<strong>2020:<\/strong> <strong>Nov. 14th (premi\u00e8re)<\/strong>, 22th, 26th, 27th; Dec. 3rd, 6th, 10th, 20th.<br \/>\n<strong>2021:<\/strong> Jan. 8th, 22nd; Feb. 14th; Mar. 13th.<\/p>\n","protected":false},"excerpt":{"rendered":"<p>Unnsteinn \u00c1rnason, member of the ensemble at the Tiroler Landestheater in Innsbruck, will soon be on stage as Kuligin in\u2026<\/p>\n","protected":false},"author":5,"featured_media":0,"comment_status":"closed","ping_status":"closed","sticky":false,"template":"","format":"standard","meta":{"_monsterinsights_skip_tracking":false,"_monsterinsights_sitenote_active":false,"_monsterinsights_sitenote_note":"","_monsterinsights_sitenote_category":0},"categories":[82],"acf":[],"yoast_head":"<!-- This site is optimized with the Yoast SEO plugin v17.7 - https:\/\/yoast.com\/wordpress\/plugins\/seo\/ -->\n<title>Premi\u00e8re: Unnsteinn \u00c1rnason as Kuligin (\u201cKatja Kabanova\u201d) in Innsbruck - Esther Schollum Artists Management Wien<\/title>\n<meta name=\"robots\" content=\"index, follow, max-snippet:-1, max-image-preview:large, max-video-preview:-1\" \/>\n<link rel=\"canonical\" href=\"https:\/\/www.estherschollum.at\/en\/news\/premiere-unnsteinn-arnason-as-kuligin-katja-kabanova-in-innsbruck\/\" \/>\n<meta property=\"og:locale\" content=\"en_US\" \/>\n<meta property=\"og:title\" content=\"Premi\u00e8re: Unnsteinn \u00c1rnason as Kuligin (\u201cKatja Kabanova\u201d) in Innsbruck - Esther Schollum Artists Management Wien\" \/>\n<meta property=\"og:description\" content=\"Unnsteinn \u00c1rnason, member of the ensemble at the Tiroler Landestheater in Innsbruck, will soon be on stage as Kuligin in\u2026\" \/>\n<meta property=\"og:url\" content=\"https:\/\/www.estherschollum.at\/en\/news\/premiere-unnsteinn-arnason-as-kuligin-katja-kabanova-in-innsbruck\/\" \/>\n<meta property=\"og:site_name\" content=\"Esther Schollum Artists Management Wien\" \/>\n<meta property=\"article:published_time\" content=\"2020-10-28T16:16:51+00:00\" \/>\n<meta name=\"twitter:card\" content=\"summary_large_image\" \/>\n<meta name=\"twitter:label1\" content=\"Written by\" \/>\n\t<meta name=\"twitter:data1\" content=\"Esther Schollum\" \/>\n<script type=\"application\/ld+json\" class=\"yoast-schema-graph\">{\"@context\":\"https:\/\/schema.org\",\"@graph\":[{\"@type\":\"WebSite\",\"@id\":\"https:\/\/www.estherschollum.at\/#website\",\"url\":\"https:\/\/www.estherschollum.at\/\",\"name\":\"Esther Schollum Artists Management Wien\",\"description\":\"Esther Schollum Artists Management\",\"potentialAction\":[{\"@type\":\"SearchAction\",\"target\":{\"@type\":\"EntryPoint\",\"urlTemplate\":\"https:\/\/www.estherschollum.at\/?s={search_term_string}\"},\"query-input\":\"required name=search_term_string\"}],\"inLanguage\":\"en-US\"},{\"@type\":\"WebPage\",\"@id\":\"https:\/\/www.estherschollum.at\/en\/news\/premiere-unnsteinn-arnason-as-kuligin-katja-kabanova-in-innsbruck\/#webpage\",\"url\":\"https:\/\/www.estherschollum.at\/en\/news\/premiere-unnsteinn-arnason-as-kuligin-katja-kabanova-in-innsbruck\/\",\"name\":\"Premi\\u00e8re: Unnsteinn \\u00c1rnason as Kuligin (\\u201cKatja Kabanova\\u201d) in Innsbruck - Esther Schollum Artists Management Wien\",\"isPartOf\":{\"@id\":\"https:\/\/www.estherschollum.at\/#website\"},\"datePublished\":\"2020-10-28T16:16:51+00:00\",\"dateModified\":\"2020-10-28T16:16:51+00:00\",\"author\":{\"@id\":\"https:\/\/www.estherschollum.at\/#\/schema\/person\/cb660c3782d70e542ae20d5ab703c134\"},\"breadcrumb\":{\"@id\":\"https:\/\/www.estherschollum.at\/en\/news\/premiere-unnsteinn-arnason-as-kuligin-katja-kabanova-in-innsbruck\/#breadcrumb\"},\"inLanguage\":\"en-US\",\"potentialAction\":[{\"@type\":\"ReadAction\",\"target\":[\"https:\/\/www.estherschollum.at\/en\/news\/premiere-unnsteinn-arnason-as-kuligin-katja-kabanova-in-innsbruck\/\"]}]},{\"@type\":\"BreadcrumbList\",\"@id\":\"https:\/\/www.estherschollum.at\/en\/news\/premiere-unnsteinn-arnason-as-kuligin-katja-kabanova-in-innsbruck\/#breadcrumb\",\"itemListElement\":[{\"@type\":\"ListItem\",\"position\":1,\"name\":\"Home\",\"item\":\"https:\/\/www.estherschollum.at\/en\/\"},{\"@type\":\"ListItem\",\"position\":2,\"name\":\"Premi\\u00e8re: Unnsteinn \\u00c1rnason as Kuligin (\\u201cKatja Kabanova\\u201d) in Innsbruck\"}]},{\"@type\":\"Person\",\"@id\":\"https:\/\/www.estherschollum.at\/#\/schema\/person\/cb660c3782d70e542ae20d5ab703c134\",\"name\":\"Esther Schollum\",\"image\":{\"@type\":\"ImageObject\",\"@id\":\"https:\/\/www.estherschollum.at\/#personlogo\",\"inLanguage\":\"en-US\",\"url\":\"https:\/\/secure.gravatar.com\/avatar\/10c2501ce3e8a2124574391dae02e063?s=96&d=mm&r=g\",\"contentUrl\":\"https:\/\/secure.gravatar.com\/avatar\/10c2501ce3e8a2124574391dae02e063?s=96&d=mm&r=g\",\"caption\":\"Esther Schollum\"},\"sameAs\":[\"https:\/\/www.estherschollum.at\/\"],\"url\":\"https:\/\/www.estherschollum.at\/en\/news\/author\/schollum\/\"}]}<\/script>\n<!-- \/ Yoast SEO plugin. -->","yoast_head_json":{"title":"Premi\u00e8re: Unnsteinn \u00c1rnason as Kuligin (\u201cKatja Kabanova\u201d) in Innsbruck - Esther Schollum Artists Management Wien","robots":{"index":"index","follow":"follow","max-snippet":"max-snippet:-1","max-image-preview":"max-image-preview:large","max-video-preview":"max-video-preview:-1"},"canonical":"https:\/\/www.estherschollum.at\/en\/news\/premiere-unnsteinn-arnason-as-kuligin-katja-kabanova-in-innsbruck\/","og_locale":"en_US","og_title":"Premi\u00e8re: Unnsteinn \u00c1rnason as Kuligin (\u201cKatja Kabanova\u201d) in Innsbruck - Esther Schollum Artists Management Wien","og_description":"Unnsteinn \u00c1rnason, member of the ensemble at the Tiroler Landestheater in Innsbruck, will soon be on stage as Kuligin in\u2026","og_url":"https:\/\/www.estherschollum.at\/en\/news\/premiere-unnsteinn-arnason-as-kuligin-katja-kabanova-in-innsbruck\/","og_site_name":"Esther Schollum Artists Management Wien","article_published_time":"2020-10-28T16:16:51+00:00","twitter_card":"summary_large_image","twitter_misc":{"Written by":"Esther Schollum"},"schema":{"@context":"https:\/\/schema.org","@graph":[{"@type":"WebSite","@id":"https:\/\/www.estherschollum.at\/#website","url":"https:\/\/www.estherschollum.at\/","name":"Esther Schollum Artists Management Wien","description":"Esther Schollum Artists Management","potentialAction":[{"@type":"SearchAction","target":{"@type":"EntryPoint","urlTemplate":"https:\/\/www.estherschollum.at\/?s={search_term_string}"},"query-input":"required name=search_term_string"}],"inLanguage":"en-US"},{"@type":"WebPage","@id":"https:\/\/www.estherschollum.at\/en\/news\/premiere-unnsteinn-arnason-as-kuligin-katja-kabanova-in-innsbruck\/#webpage","url":"https:\/\/www.estherschollum.at\/en\/news\/premiere-unnsteinn-arnason-as-kuligin-katja-kabanova-in-innsbruck\/","name":"Premi\u00e8re: Unnsteinn \u00c1rnason as Kuligin (\u201cKatja Kabanova\u201d) in Innsbruck - Esther Schollum Artists Management Wien","isPartOf":{"@id":"https:\/\/www.estherschollum.at\/#website"},"datePublished":"2020-10-28T16:16:51+00:00","dateModified":"2020-10-28T16:16:51+00:00","author":{"@id":"https:\/\/www.estherschollum.at\/#\/schema\/person\/cb660c3782d70e542ae20d5ab703c134"},"breadcrumb":{"@id":"https:\/\/www.estherschollum.at\/en\/news\/premiere-unnsteinn-arnason-as-kuligin-katja-kabanova-in-innsbruck\/#breadcrumb"},"inLanguage":"en-US","potentialAction":[{"@type":"ReadAction","target":["https:\/\/www.estherschollum.at\/en\/news\/premiere-unnsteinn-arnason-as-kuligin-katja-kabanova-in-innsbruck\/"]}]},{"@type":"BreadcrumbList","@id":"https:\/\/www.estherschollum.at\/en\/news\/premiere-unnsteinn-arnason-as-kuligin-katja-kabanova-in-innsbruck\/#breadcrumb","itemListElement":[{"@type":"ListItem","position":1,"name":"Home","item":"https:\/\/www.estherschollum.at\/en\/"},{"@type":"ListItem","position":2,"name":"Premi\u00e8re: Unnsteinn \u00c1rnason as Kuligin (\u201cKatja Kabanova\u201d) in Innsbruck"}]},{"@type":"Person","@id":"https:\/\/www.estherschollum.at\/#\/schema\/person\/cb660c3782d70e542ae20d5ab703c134","name":"Esther Schollum","image":{"@type":"ImageObject","@id":"https:\/\/www.estherschollum.at\/#personlogo","inLanguage":"en-US","url":"https:\/\/secure.gravatar.com\/avatar\/10c2501ce3e8a2124574391dae02e063?s=96&d=mm&r=g","contentUrl":"https:\/\/secure.gravatar.com\/avatar\/10c2501ce3e8a2124574391dae02e063?s=96&d=mm&r=g","caption":"Esther Schollum"},"sameAs":["https:\/\/www.estherschollum.at\/"],"url":"https:\/\/www.estherschollum.at\/en\/news\/author\/schollum\/"}]}},"_links":{"self":[{"href":"https:\/\/www.estherschollum.at\/en\/wp-json\/wp\/v2\/posts\/6783"}],"collection":[{"href":"https:\/\/www.estherschollum.at\/en\/wp-json\/wp\/v2\/posts"}],"about":[{"href":"https:\/\/www.estherschollum.at\/en\/wp-json\/wp\/v2\/types\/post"}],"author":[{"embeddable":true,"href":"https:\/\/www.estherschollum.at\/en\/wp-json\/wp\/v2\/users\/5"}],"replies":[{"embeddable":true,"href":"https:\/\/www.estherschollum.at\/en\/wp-json\/wp\/v2\/comments?post=6783"}],"version-history":[{"count":1,"href":"https:\/\/www.estherschollum.at\/en\/wp-json\/wp\/v2\/posts\/6783\/revisions"}],"predecessor-version":[{"id":6784,"href":"https:\/\/www.estherschollum.at\/en\/wp-json\/wp\/v2\/posts\/6783\/revisions\/6784"}],"wp:attachment":[{"href":"https:\/\/www.estherschollum.at\/en\/wp-json\/wp\/v2\/media?parent=6783"}],"wp:term":[{"taxonomy":"category","embeddable":true,"href":"https:\/\/www.estherschollum.at\/en\/wp-json\/wp\/v2\/categories?post=6783"}],"curies":[{"name":"wp","href":"https:\/\/api.w.org\/{rel}","templated":true}]}}