{"id":5715,"date":"2019-10-30T14:10:18","date_gmt":"2019-10-30T13:10:18","guid":{"rendered":"https:\/\/www.estherschollum.at\/?p=5715"},"modified":"2019-10-30T14:10:18","modified_gmt":"2019-10-30T13:10:18","slug":"christoph-seidl-in-concert-and-as-the-sacristan-in-puccinis-tosca","status":"publish","type":"post","link":"https:\/\/www.estherschollum.at\/en\/news\/christoph-seidl-in-concert-and-as-the-sacristan-in-puccinis-tosca\/","title":{"rendered":"Christoph Seidl in concert and as the Sacristan in Puccini\u2019s Tosca"},"content":{"rendered":"<p align=\"left\">Austrian bass\u00a0<a href=\"https:\/\/www.estherschollum.at\/en\/artists\/christoph-seidl\/\" target=\"_blank\" rel=\"noopener noreferrer\"><strong>Christoph Seidl<\/strong><\/a>\u00a0excels not only on the opera stage: this month, in Munich\u2019s Hercules-Hall, he will sing the bass part of Anton\u00edn Dvo\u0159\u00e1k\u2019s \u201cStabat Mater\u201d with the Munich Symphony.<\/p>\n<p align=\"left\">At the G\u00e4rtnerplatztheater in Munich, the permanent ensemble of which he has joined three years ago, he has been cast as the Sacristan in Puccini\u2019s\u00a0<a href=\"https:\/\/www.gaertnerplatztheater.de\/de\/produktionen\/tosca.html?ID_Vorstellung=2251\" target=\"_blank\" rel=\"noopener noreferrer\">\u201cTosca\u201d<\/a>, having sung the part of Don I\u00f1igo Gomez in \u201cL\u2019heure espagnole\u201d beforehand.<\/p>\n<p align=\"left\"><strong>M\u00fcnchner Symphoniker<\/strong><br \/>\n<a href=\"https:\/\/www.muenchner-symphoniker.de\/de\/node\/510\" target=\"_blank\" rel=\"noopener noreferrer\">Anton\u00edn Dvo\u0159\u00e1k: Stabat mater<\/a><br \/>\n<a href=\"https:\/\/www.estherschollum.at\/en\/artists\/christoph-seidl\/\" target=\"_blank\" rel=\"noopener noreferrer\">Christoph Seidl<\/a>: Bass<br \/>\nNovember 10th.<\/p>\n<p align=\"left\"><strong>Staatstheater am G\u00e4rtnerplatz<\/strong><br \/>\nGiacomo Puccini:\u00a0<a href=\"https:\/\/www.gaertnerplatztheater.de\/de\/produktionen\/tosca.html?ID_Vorstellung=2251\" target=\"_blank\" rel=\"noopener noreferrer\">Tosca<\/a><br \/>\n<a href=\"https:\/\/www.estherschollum.at\/en\/artists\/christoph-seidl\/\" target=\"_blank\" rel=\"noopener noreferrer\">Christoph Seidl<\/a>: the Sacristan<br \/>\n2019: November 16th.<br \/>\n2020: February 20th, 29th; March, 14th.<\/p>\n","protected":false},"excerpt":{"rendered":"<p>Austrian bass\u00a0Christoph Seidl\u00a0excels not only on the opera stage: this month, in Munich\u2019s Hercules-Hall, he will sing the bass part\u2026<\/p>\n","protected":false},"author":8,"featured_media":0,"comment_status":"closed","ping_status":"closed","sticky":false,"template":"","format":"standard","meta":{"_monsterinsights_skip_tracking":false,"_monsterinsights_sitenote_active":false,"_monsterinsights_sitenote_note":"","_monsterinsights_sitenote_category":0},"categories":[69],"acf":[],"yoast_head":"<!-- This site is optimized with the Yoast SEO plugin v17.7 - https:\/\/yoast.com\/wordpress\/plugins\/seo\/ -->\n<title>Christoph Seidl in concert and as the Sacristan in Puccini\u2019s Tosca - Esther Schollum Artists Management Wien<\/title>\n<meta name=\"robots\" content=\"index, follow, max-snippet:-1, max-image-preview:large, max-video-preview:-1\" \/>\n<link rel=\"canonical\" href=\"https:\/\/www.estherschollum.at\/en\/news\/christoph-seidl-in-concert-and-as-the-sacristan-in-puccinis-tosca\/\" \/>\n<meta property=\"og:locale\" content=\"en_US\" \/>\n<meta property=\"og:title\" content=\"Christoph Seidl in concert and as the Sacristan in Puccini\u2019s Tosca - Esther Schollum Artists Management Wien\" \/>\n<meta property=\"og:description\" content=\"Austrian bass\u00a0Christoph Seidl\u00a0excels not only on the opera stage: this month, in Munich\u2019s Hercules-Hall, he will sing the bass part\u2026\" \/>\n<meta property=\"og:url\" content=\"https:\/\/www.estherschollum.at\/en\/news\/christoph-seidl-in-concert-and-as-the-sacristan-in-puccinis-tosca\/\" \/>\n<meta property=\"og:site_name\" content=\"Esther Schollum Artists Management Wien\" \/>\n<meta property=\"article:published_time\" content=\"2019-10-30T13:10:18+00:00\" \/>\n<meta name=\"twitter:card\" content=\"summary_large_image\" \/>\n<meta name=\"twitter:label1\" content=\"Written by\" \/>\n\t<meta name=\"twitter:data1\" content=\"Martina Genb\u00f6ck\" \/>\n\t<meta name=\"twitter:label2\" content=\"Est. reading time\" \/>\n\t<meta name=\"twitter:data2\" content=\"1 minute\" \/>\n<script type=\"application\/ld+json\" class=\"yoast-schema-graph\">{\"@context\":\"https:\/\/schema.org\",\"@graph\":[{\"@type\":\"WebSite\",\"@id\":\"https:\/\/www.estherschollum.at\/#website\",\"url\":\"https:\/\/www.estherschollum.at\/\",\"name\":\"Esther Schollum Artists Management Wien\",\"description\":\"Esther Schollum Artists Management\",\"potentialAction\":[{\"@type\":\"SearchAction\",\"target\":{\"@type\":\"EntryPoint\",\"urlTemplate\":\"https:\/\/www.estherschollum.at\/?s={search_term_string}\"},\"query-input\":\"required name=search_term_string\"}],\"inLanguage\":\"en-US\"},{\"@type\":\"WebPage\",\"@id\":\"https:\/\/www.estherschollum.at\/en\/news\/christoph-seidl-in-concert-and-as-the-sacristan-in-puccinis-tosca\/#webpage\",\"url\":\"https:\/\/www.estherschollum.at\/en\/news\/christoph-seidl-in-concert-and-as-the-sacristan-in-puccinis-tosca\/\",\"name\":\"Christoph Seidl in concert and as the Sacristan in Puccini\\u2019s Tosca - Esther Schollum Artists Management Wien\",\"isPartOf\":{\"@id\":\"https:\/\/www.estherschollum.at\/#website\"},\"datePublished\":\"2019-10-30T13:10:18+00:00\",\"dateModified\":\"2019-10-30T13:10:18+00:00\",\"author\":{\"@id\":\"https:\/\/www.estherschollum.at\/#\/schema\/person\/70a628d405a7c3af7ca2a4f95de7148c\"},\"breadcrumb\":{\"@id\":\"https:\/\/www.estherschollum.at\/en\/news\/christoph-seidl-in-concert-and-as-the-sacristan-in-puccinis-tosca\/#breadcrumb\"},\"inLanguage\":\"en-US\",\"potentialAction\":[{\"@type\":\"ReadAction\",\"target\":[\"https:\/\/www.estherschollum.at\/en\/news\/christoph-seidl-in-concert-and-as-the-sacristan-in-puccinis-tosca\/\"]}]},{\"@type\":\"BreadcrumbList\",\"@id\":\"https:\/\/www.estherschollum.at\/en\/news\/christoph-seidl-in-concert-and-as-the-sacristan-in-puccinis-tosca\/#breadcrumb\",\"itemListElement\":[{\"@type\":\"ListItem\",\"position\":1,\"name\":\"Home\",\"item\":\"https:\/\/www.estherschollum.at\/en\/\"},{\"@type\":\"ListItem\",\"position\":2,\"name\":\"Christoph Seidl in concert and as the Sacristan in Puccini\\u2019s Tosca\"}]},{\"@type\":\"Person\",\"@id\":\"https:\/\/www.estherschollum.at\/#\/schema\/person\/70a628d405a7c3af7ca2a4f95de7148c\",\"name\":\"Martina Genb\\u00f6ck\",\"image\":{\"@type\":\"ImageObject\",\"@id\":\"https:\/\/www.estherschollum.at\/#personlogo\",\"inLanguage\":\"en-US\",\"url\":\"https:\/\/secure.gravatar.com\/avatar\/8d42d23102ef5e33c8f2402c6ee495fd?s=96&d=mm&r=g\",\"contentUrl\":\"https:\/\/secure.gravatar.com\/avatar\/8d42d23102ef5e33c8f2402c6ee495fd?s=96&d=mm&r=g\",\"caption\":\"Martina Genb\\u00f6ck\"},\"sameAs\":[\"http:\/\/host-107245.webhosting.magentabusiness.at\/estherschollum.at\"],\"url\":\"https:\/\/www.estherschollum.at\/en\/news\/author\/gruber\/\"}]}<\/script>\n<!-- \/ Yoast SEO plugin. -->","yoast_head_json":{"title":"Christoph Seidl in concert and as the Sacristan in Puccini\u2019s Tosca - Esther Schollum Artists Management Wien","robots":{"index":"index","follow":"follow","max-snippet":"max-snippet:-1","max-image-preview":"max-image-preview:large","max-video-preview":"max-video-preview:-1"},"canonical":"https:\/\/www.estherschollum.at\/en\/news\/christoph-seidl-in-concert-and-as-the-sacristan-in-puccinis-tosca\/","og_locale":"en_US","og_title":"Christoph Seidl in concert and as the Sacristan in Puccini\u2019s Tosca - Esther Schollum Artists Management Wien","og_description":"Austrian bass\u00a0Christoph Seidl\u00a0excels not only on the opera stage: this month, in Munich\u2019s Hercules-Hall, he will sing the bass part\u2026","og_url":"https:\/\/www.estherschollum.at\/en\/news\/christoph-seidl-in-concert-and-as-the-sacristan-in-puccinis-tosca\/","og_site_name":"Esther Schollum Artists Management Wien","article_published_time":"2019-10-30T13:10:18+00:00","twitter_card":"summary_large_image","twitter_misc":{"Written by":"Martina Genb\u00f6ck","Est. reading time":"1 minute"},"schema":{"@context":"https:\/\/schema.org","@graph":[{"@type":"WebSite","@id":"https:\/\/www.estherschollum.at\/#website","url":"https:\/\/www.estherschollum.at\/","name":"Esther Schollum Artists Management Wien","description":"Esther Schollum Artists Management","potentialAction":[{"@type":"SearchAction","target":{"@type":"EntryPoint","urlTemplate":"https:\/\/www.estherschollum.at\/?s={search_term_string}"},"query-input":"required name=search_term_string"}],"inLanguage":"en-US"},{"@type":"WebPage","@id":"https:\/\/www.estherschollum.at\/en\/news\/christoph-seidl-in-concert-and-as-the-sacristan-in-puccinis-tosca\/#webpage","url":"https:\/\/www.estherschollum.at\/en\/news\/christoph-seidl-in-concert-and-as-the-sacristan-in-puccinis-tosca\/","name":"Christoph Seidl in concert and as the Sacristan in Puccini\u2019s Tosca - Esther Schollum Artists Management Wien","isPartOf":{"@id":"https:\/\/www.estherschollum.at\/#website"},"datePublished":"2019-10-30T13:10:18+00:00","dateModified":"2019-10-30T13:10:18+00:00","author":{"@id":"https:\/\/www.estherschollum.at\/#\/schema\/person\/70a628d405a7c3af7ca2a4f95de7148c"},"breadcrumb":{"@id":"https:\/\/www.estherschollum.at\/en\/news\/christoph-seidl-in-concert-and-as-the-sacristan-in-puccinis-tosca\/#breadcrumb"},"inLanguage":"en-US","potentialAction":[{"@type":"ReadAction","target":["https:\/\/www.estherschollum.at\/en\/news\/christoph-seidl-in-concert-and-as-the-sacristan-in-puccinis-tosca\/"]}]},{"@type":"BreadcrumbList","@id":"https:\/\/www.estherschollum.at\/en\/news\/christoph-seidl-in-concert-and-as-the-sacristan-in-puccinis-tosca\/#breadcrumb","itemListElement":[{"@type":"ListItem","position":1,"name":"Home","item":"https:\/\/www.estherschollum.at\/en\/"},{"@type":"ListItem","position":2,"name":"Christoph Seidl in concert and as the Sacristan in Puccini\u2019s Tosca"}]},{"@type":"Person","@id":"https:\/\/www.estherschollum.at\/#\/schema\/person\/70a628d405a7c3af7ca2a4f95de7148c","name":"Martina Genb\u00f6ck","image":{"@type":"ImageObject","@id":"https:\/\/www.estherschollum.at\/#personlogo","inLanguage":"en-US","url":"https:\/\/secure.gravatar.com\/avatar\/8d42d23102ef5e33c8f2402c6ee495fd?s=96&d=mm&r=g","contentUrl":"https:\/\/secure.gravatar.com\/avatar\/8d42d23102ef5e33c8f2402c6ee495fd?s=96&d=mm&r=g","caption":"Martina Genb\u00f6ck"},"sameAs":["http:\/\/host-107245.webhosting.magentabusiness.at\/estherschollum.at"],"url":"https:\/\/www.estherschollum.at\/en\/news\/author\/gruber\/"}]}},"_links":{"self":[{"href":"https:\/\/www.estherschollum.at\/en\/wp-json\/wp\/v2\/posts\/5715"}],"collection":[{"href":"https:\/\/www.estherschollum.at\/en\/wp-json\/wp\/v2\/posts"}],"about":[{"href":"https:\/\/www.estherschollum.at\/en\/wp-json\/wp\/v2\/types\/post"}],"author":[{"embeddable":true,"href":"https:\/\/www.estherschollum.at\/en\/wp-json\/wp\/v2\/users\/8"}],"replies":[{"embeddable":true,"href":"https:\/\/www.estherschollum.at\/en\/wp-json\/wp\/v2\/comments?post=5715"}],"version-history":[{"count":1,"href":"https:\/\/www.estherschollum.at\/en\/wp-json\/wp\/v2\/posts\/5715\/revisions"}],"predecessor-version":[{"id":5716,"href":"https:\/\/www.estherschollum.at\/en\/wp-json\/wp\/v2\/posts\/5715\/revisions\/5716"}],"wp:attachment":[{"href":"https:\/\/www.estherschollum.at\/en\/wp-json\/wp\/v2\/media?parent=5715"}],"wp:term":[{"taxonomy":"category","embeddable":true,"href":"https:\/\/www.estherschollum.at\/en\/wp-json\/wp\/v2\/categories?post=5715"}],"curies":[{"name":"wp","href":"https:\/\/api.w.org\/{rel}","templated":true}]}}