{"id":5455,"date":"2019-07-09T13:33:18","date_gmt":"2019-07-09T12:33:18","guid":{"rendered":"https:\/\/www.estherschollum.at\/?p=5455"},"modified":"2019-07-09T13:33:18","modified_gmt":"2019-07-09T12:33:18","slug":"premiere-maximilian-mayer-plays-gustl-in-das-land-des-laechelns-on-the-seebuehne-moerbisch","status":"publish","type":"post","link":"https:\/\/www.estherschollum.at\/en\/news\/premiere-maximilian-mayer-plays-gustl-in-das-land-des-laechelns-on-the-seebuehne-moerbisch\/","title":{"rendered":"Premi\u00e8re: Maximilian Mayer plays Gustl in \u201cDas Land des L\u00e4chelns\u201d on the Seeb\u00fchne M\u00f6rbisch"},"content":{"rendered":"<p style=\"vertical-align: baseline; line-height: 1.5em; color: #3f4449; font-family: Georgia, Times, 'Times New Roman', serif; font-size: 14px; text-align: left; unicode-bidi: embed; padding: 0; margin: 0 0 1.3em 0;\" align=\"left\"><a style=\"text-decoration: none; color: #7b68ee;\" href=\"https:\/\/www.estherschollum.at\/en\/artists\/maximilian-mayer\/\" target=\"_blank\" rel=\"noopener\"><strong style=\"font-weight: bold;\">Maximilian Mayer<\/strong><\/a>, the young tenor from Germany who celebrated successes as Tamino, Ferrando and as Henze\u2019s \u201cJunger Lord\u201d at the G\u00e4rtnerplatztheater this season, returns to M\u00f6rbisch! Just two years ago he debuted at the Seefestspiele M\u00f6rbisch; this year, he mounts the famous Seeb\u00fchne stage as Count Gustav von Pottenstein in Franz Leh\u00e1r\u2019s \u201cDas Land des L\u00e4chelns\u201d unter Thomas R\u00f6sner\u2019s baton in a production staged by Leonard Prinsloo.<\/p>\n<p style=\"vertical-align: baseline; line-height: 1.5em; color: #3f4449; font-family: Georgia, Times, 'Times New Roman', serif; font-size: 14px; text-align: left; unicode-bidi: embed; padding: 0; margin: 0 0 1.3em 0;\" align=\"left\"><strong style=\"font-weight: bold;\">Seefestspiele M\u00f6rbisch<\/strong><br \/>\n<a style=\"text-decoration: none; color: #7b68ee;\" href=\"https:\/\/www.seefestspiele-moerbisch.at\/en\/program\/2019-the-land-of-smiles\/about-the-play\/\" target=\"_blank\" rel=\"noopener\">Franz Leh\u00e1r: Das Land des L\u00e4chelns<\/a><br \/>\n<a style=\"text-decoration: none; color: #7b68ee;\" href=\"https:\/\/www.estherschollum.at\/en\/artists\/maximilian-mayer\/\" target=\"_blank\" rel=\"noopener\"><strong style=\"font-weight: bold;\">Maximilian Mayer<\/strong><\/a>: Count Gustav von Pottenstein<br \/>\nJuly 11th\u201324th<\/p>\n<p>&nbsp;<\/p>\n","protected":false},"excerpt":{"rendered":"<p>Maximilian Mayer, the young tenor from Germany who celebrated successes as Tamino, Ferrando and as Henze\u2019s \u201cJunger Lord\u201d at the\u2026<\/p>\n","protected":false},"author":8,"featured_media":0,"comment_status":"closed","ping_status":"closed","sticky":false,"template":"","format":"standard","meta":{"_monsterinsights_skip_tracking":false,"_monsterinsights_sitenote_active":false,"_monsterinsights_sitenote_note":"","_monsterinsights_sitenote_category":0},"categories":[62],"acf":[],"yoast_head":"<!-- This site is optimized with the Yoast SEO plugin v17.7 - https:\/\/yoast.com\/wordpress\/plugins\/seo\/ -->\n<title>Premi\u00e8re: Maximilian Mayer plays Gustl in \u201cDas Land des L\u00e4chelns\u201d on the Seeb\u00fchne M\u00f6rbisch - Esther Schollum Artists Management Wien<\/title>\n<meta name=\"robots\" content=\"index, follow, max-snippet:-1, max-image-preview:large, max-video-preview:-1\" \/>\n<link rel=\"canonical\" href=\"https:\/\/www.estherschollum.at\/en\/news\/premiere-maximilian-mayer-plays-gustl-in-das-land-des-laechelns-on-the-seebuehne-moerbisch\/\" \/>\n<meta property=\"og:locale\" content=\"en_US\" \/>\n<meta property=\"og:title\" content=\"Premi\u00e8re: Maximilian Mayer plays Gustl in \u201cDas Land des L\u00e4chelns\u201d on the Seeb\u00fchne M\u00f6rbisch - Esther Schollum Artists Management Wien\" \/>\n<meta property=\"og:description\" content=\"Maximilian Mayer, the young tenor from Germany who celebrated successes as Tamino, Ferrando and as Henze\u2019s \u201cJunger Lord\u201d at the\u2026\" \/>\n<meta property=\"og:url\" content=\"https:\/\/www.estherschollum.at\/en\/news\/premiere-maximilian-mayer-plays-gustl-in-das-land-des-laechelns-on-the-seebuehne-moerbisch\/\" \/>\n<meta property=\"og:site_name\" content=\"Esther Schollum Artists Management Wien\" \/>\n<meta property=\"article:published_time\" content=\"2019-07-09T12:33:18+00:00\" \/>\n<meta name=\"twitter:card\" content=\"summary_large_image\" \/>\n<meta name=\"twitter:label1\" content=\"Written by\" \/>\n\t<meta name=\"twitter:data1\" content=\"Martina Genb\u00f6ck\" \/>\n<script type=\"application\/ld+json\" class=\"yoast-schema-graph\">{\"@context\":\"https:\/\/schema.org\",\"@graph\":[{\"@type\":\"WebSite\",\"@id\":\"https:\/\/www.estherschollum.at\/#website\",\"url\":\"https:\/\/www.estherschollum.at\/\",\"name\":\"Esther Schollum Artists Management Wien\",\"description\":\"Esther Schollum Artists Management\",\"potentialAction\":[{\"@type\":\"SearchAction\",\"target\":{\"@type\":\"EntryPoint\",\"urlTemplate\":\"https:\/\/www.estherschollum.at\/?s={search_term_string}\"},\"query-input\":\"required name=search_term_string\"}],\"inLanguage\":\"en-US\"},{\"@type\":\"WebPage\",\"@id\":\"https:\/\/www.estherschollum.at\/en\/news\/premiere-maximilian-mayer-plays-gustl-in-das-land-des-laechelns-on-the-seebuehne-moerbisch\/#webpage\",\"url\":\"https:\/\/www.estherschollum.at\/en\/news\/premiere-maximilian-mayer-plays-gustl-in-das-land-des-laechelns-on-the-seebuehne-moerbisch\/\",\"name\":\"Premi\\u00e8re: Maximilian Mayer plays Gustl in \\u201cDas Land des L\\u00e4chelns\\u201d on the Seeb\\u00fchne M\\u00f6rbisch - Esther Schollum Artists Management Wien\",\"isPartOf\":{\"@id\":\"https:\/\/www.estherschollum.at\/#website\"},\"datePublished\":\"2019-07-09T12:33:18+00:00\",\"dateModified\":\"2019-07-09T12:33:18+00:00\",\"author\":{\"@id\":\"https:\/\/www.estherschollum.at\/#\/schema\/person\/70a628d405a7c3af7ca2a4f95de7148c\"},\"breadcrumb\":{\"@id\":\"https:\/\/www.estherschollum.at\/en\/news\/premiere-maximilian-mayer-plays-gustl-in-das-land-des-laechelns-on-the-seebuehne-moerbisch\/#breadcrumb\"},\"inLanguage\":\"en-US\",\"potentialAction\":[{\"@type\":\"ReadAction\",\"target\":[\"https:\/\/www.estherschollum.at\/en\/news\/premiere-maximilian-mayer-plays-gustl-in-das-land-des-laechelns-on-the-seebuehne-moerbisch\/\"]}]},{\"@type\":\"BreadcrumbList\",\"@id\":\"https:\/\/www.estherschollum.at\/en\/news\/premiere-maximilian-mayer-plays-gustl-in-das-land-des-laechelns-on-the-seebuehne-moerbisch\/#breadcrumb\",\"itemListElement\":[{\"@type\":\"ListItem\",\"position\":1,\"name\":\"Home\",\"item\":\"https:\/\/www.estherschollum.at\/en\/\"},{\"@type\":\"ListItem\",\"position\":2,\"name\":\"Premi\\u00e8re: Maximilian Mayer plays Gustl in \\u201cDas Land des L\\u00e4chelns\\u201d on the Seeb\\u00fchne M\\u00f6rbisch\"}]},{\"@type\":\"Person\",\"@id\":\"https:\/\/www.estherschollum.at\/#\/schema\/person\/70a628d405a7c3af7ca2a4f95de7148c\",\"name\":\"Martina Genb\\u00f6ck\",\"image\":{\"@type\":\"ImageObject\",\"@id\":\"https:\/\/www.estherschollum.at\/#personlogo\",\"inLanguage\":\"en-US\",\"url\":\"https:\/\/secure.gravatar.com\/avatar\/8d42d23102ef5e33c8f2402c6ee495fd?s=96&d=mm&r=g\",\"contentUrl\":\"https:\/\/secure.gravatar.com\/avatar\/8d42d23102ef5e33c8f2402c6ee495fd?s=96&d=mm&r=g\",\"caption\":\"Martina Genb\\u00f6ck\"},\"sameAs\":[\"http:\/\/host-107245.webhosting.magentabusiness.at\/estherschollum.at\"],\"url\":\"https:\/\/www.estherschollum.at\/en\/news\/author\/gruber\/\"}]}<\/script>\n<!-- \/ Yoast SEO plugin. -->","yoast_head_json":{"title":"Premi\u00e8re: Maximilian Mayer plays Gustl in \u201cDas Land des L\u00e4chelns\u201d on the Seeb\u00fchne M\u00f6rbisch - Esther Schollum Artists Management Wien","robots":{"index":"index","follow":"follow","max-snippet":"max-snippet:-1","max-image-preview":"max-image-preview:large","max-video-preview":"max-video-preview:-1"},"canonical":"https:\/\/www.estherschollum.at\/en\/news\/premiere-maximilian-mayer-plays-gustl-in-das-land-des-laechelns-on-the-seebuehne-moerbisch\/","og_locale":"en_US","og_title":"Premi\u00e8re: Maximilian Mayer plays Gustl in \u201cDas Land des L\u00e4chelns\u201d on the Seeb\u00fchne M\u00f6rbisch - Esther Schollum Artists Management Wien","og_description":"Maximilian Mayer, the young tenor from Germany who celebrated successes as Tamino, Ferrando and as Henze\u2019s \u201cJunger Lord\u201d at the\u2026","og_url":"https:\/\/www.estherschollum.at\/en\/news\/premiere-maximilian-mayer-plays-gustl-in-das-land-des-laechelns-on-the-seebuehne-moerbisch\/","og_site_name":"Esther Schollum Artists Management Wien","article_published_time":"2019-07-09T12:33:18+00:00","twitter_card":"summary_large_image","twitter_misc":{"Written by":"Martina Genb\u00f6ck"},"schema":{"@context":"https:\/\/schema.org","@graph":[{"@type":"WebSite","@id":"https:\/\/www.estherschollum.at\/#website","url":"https:\/\/www.estherschollum.at\/","name":"Esther Schollum Artists Management Wien","description":"Esther Schollum Artists Management","potentialAction":[{"@type":"SearchAction","target":{"@type":"EntryPoint","urlTemplate":"https:\/\/www.estherschollum.at\/?s={search_term_string}"},"query-input":"required name=search_term_string"}],"inLanguage":"en-US"},{"@type":"WebPage","@id":"https:\/\/www.estherschollum.at\/en\/news\/premiere-maximilian-mayer-plays-gustl-in-das-land-des-laechelns-on-the-seebuehne-moerbisch\/#webpage","url":"https:\/\/www.estherschollum.at\/en\/news\/premiere-maximilian-mayer-plays-gustl-in-das-land-des-laechelns-on-the-seebuehne-moerbisch\/","name":"Premi\u00e8re: Maximilian Mayer plays Gustl in \u201cDas Land des L\u00e4chelns\u201d on the Seeb\u00fchne M\u00f6rbisch - Esther Schollum Artists Management Wien","isPartOf":{"@id":"https:\/\/www.estherschollum.at\/#website"},"datePublished":"2019-07-09T12:33:18+00:00","dateModified":"2019-07-09T12:33:18+00:00","author":{"@id":"https:\/\/www.estherschollum.at\/#\/schema\/person\/70a628d405a7c3af7ca2a4f95de7148c"},"breadcrumb":{"@id":"https:\/\/www.estherschollum.at\/en\/news\/premiere-maximilian-mayer-plays-gustl-in-das-land-des-laechelns-on-the-seebuehne-moerbisch\/#breadcrumb"},"inLanguage":"en-US","potentialAction":[{"@type":"ReadAction","target":["https:\/\/www.estherschollum.at\/en\/news\/premiere-maximilian-mayer-plays-gustl-in-das-land-des-laechelns-on-the-seebuehne-moerbisch\/"]}]},{"@type":"BreadcrumbList","@id":"https:\/\/www.estherschollum.at\/en\/news\/premiere-maximilian-mayer-plays-gustl-in-das-land-des-laechelns-on-the-seebuehne-moerbisch\/#breadcrumb","itemListElement":[{"@type":"ListItem","position":1,"name":"Home","item":"https:\/\/www.estherschollum.at\/en\/"},{"@type":"ListItem","position":2,"name":"Premi\u00e8re: Maximilian Mayer plays Gustl in \u201cDas Land des L\u00e4chelns\u201d on the Seeb\u00fchne M\u00f6rbisch"}]},{"@type":"Person","@id":"https:\/\/www.estherschollum.at\/#\/schema\/person\/70a628d405a7c3af7ca2a4f95de7148c","name":"Martina Genb\u00f6ck","image":{"@type":"ImageObject","@id":"https:\/\/www.estherschollum.at\/#personlogo","inLanguage":"en-US","url":"https:\/\/secure.gravatar.com\/avatar\/8d42d23102ef5e33c8f2402c6ee495fd?s=96&d=mm&r=g","contentUrl":"https:\/\/secure.gravatar.com\/avatar\/8d42d23102ef5e33c8f2402c6ee495fd?s=96&d=mm&r=g","caption":"Martina Genb\u00f6ck"},"sameAs":["http:\/\/host-107245.webhosting.magentabusiness.at\/estherschollum.at"],"url":"https:\/\/www.estherschollum.at\/en\/news\/author\/gruber\/"}]}},"_links":{"self":[{"href":"https:\/\/www.estherschollum.at\/en\/wp-json\/wp\/v2\/posts\/5455"}],"collection":[{"href":"https:\/\/www.estherschollum.at\/en\/wp-json\/wp\/v2\/posts"}],"about":[{"href":"https:\/\/www.estherschollum.at\/en\/wp-json\/wp\/v2\/types\/post"}],"author":[{"embeddable":true,"href":"https:\/\/www.estherschollum.at\/en\/wp-json\/wp\/v2\/users\/8"}],"replies":[{"embeddable":true,"href":"https:\/\/www.estherschollum.at\/en\/wp-json\/wp\/v2\/comments?post=5455"}],"version-history":[{"count":1,"href":"https:\/\/www.estherschollum.at\/en\/wp-json\/wp\/v2\/posts\/5455\/revisions"}],"predecessor-version":[{"id":5456,"href":"https:\/\/www.estherschollum.at\/en\/wp-json\/wp\/v2\/posts\/5455\/revisions\/5456"}],"wp:attachment":[{"href":"https:\/\/www.estherschollum.at\/en\/wp-json\/wp\/v2\/media?parent=5455"}],"wp:term":[{"taxonomy":"category","embeddable":true,"href":"https:\/\/www.estherschollum.at\/en\/wp-json\/wp\/v2\/categories?post=5455"}],"curies":[{"name":"wp","href":"https:\/\/api.w.org\/{rel}","templated":true}]}}