{"id":5309,"date":"2019-05-29T12:09:53","date_gmt":"2019-05-29T11:09:53","guid":{"rendered":"https:\/\/www.estherschollum.at\/?p=5309"},"modified":"2019-05-29T12:09:53","modified_gmt":"2019-05-29T11:09:53","slug":"premiere-in-innsbruck-unnsteinn-arnason-as-masetto","status":"publish","type":"post","link":"https:\/\/www.estherschollum.at\/en\/news\/premiere-in-innsbruck-unnsteinn-arnason-as-masetto\/","title":{"rendered":"Premi\u00e8re: In Innsbruck, Unnsteinn \u00c1rnason as Masetto"},"content":{"rendered":"<p align=\"left\"><a href=\"https:\/\/www.estherschollum.at\/en\/artists\/unnsteinn-arnason\/\" target=\"_blank\" rel=\"noopener\"><strong>Unnsteinn \u00c1rnason<\/strong><\/a>, the young bass from Iceland, currently enjoys his second season as part of the the Ensemble at the Tiroler Landestheater Innsbruck and uses this time to keep developing both his voice and his repertoire. This June, he will celebrate his role debut as Masetto in Mozart\u2019s \u201cDon Giovanni\u201d, staged by Kurt Josef Schildknecht. The Conductor-in-Chief-designate of the Tiroler Landestheater, Lukas Beikirchner, has undertaken the opera\u2019s musical direction.<\/p>\n<p align=\"left\"><strong>Tiroler Landestheater<\/strong><br \/>\nWolfgang Amadeus Mozart:\u00a0<a href=\"https:\/\/www.landestheater.at\/produktion\/don-giovanni\/\" target=\"_blank\" rel=\"noopener\">Don Giovanni<\/a><br \/>\n<a href=\"https:\/\/www.estherschollum.at\/en\/artists\/unnsteinn-arnason\/\" target=\"_blank\" rel=\"noopener\">Unnsteinn \u00c1rnason<\/a>: Masetto<br \/>\n<strong>June 15th (premi\u00e8re)<\/strong>, 19th, 21st, 30th; July 3rd, 6th<\/p>\n","protected":false},"excerpt":{"rendered":"<p>Unnsteinn \u00c1rnason, the young bass from Iceland, currently enjoys his second season as part of the the Ensemble at the\u2026<\/p>\n","protected":false},"author":8,"featured_media":0,"comment_status":"closed","ping_status":"closed","sticky":false,"template":"","format":"standard","meta":{"_monsterinsights_skip_tracking":false,"_monsterinsights_sitenote_active":false,"_monsterinsights_sitenote_note":"","_monsterinsights_sitenote_category":0},"categories":[60],"acf":[],"yoast_head":"<!-- This site is optimized with the Yoast SEO plugin v17.7 - https:\/\/yoast.com\/wordpress\/plugins\/seo\/ -->\n<title>Premi\u00e8re: In Innsbruck, Unnsteinn \u00c1rnason as Masetto - Esther Schollum Artists Management Wien<\/title>\n<meta name=\"robots\" content=\"index, follow, max-snippet:-1, max-image-preview:large, max-video-preview:-1\" \/>\n<link rel=\"canonical\" href=\"https:\/\/www.estherschollum.at\/en\/news\/premiere-in-innsbruck-unnsteinn-arnason-as-masetto\/\" \/>\n<meta property=\"og:locale\" content=\"en_US\" \/>\n<meta property=\"og:title\" content=\"Premi\u00e8re: In Innsbruck, Unnsteinn \u00c1rnason as Masetto - Esther Schollum Artists Management Wien\" \/>\n<meta property=\"og:description\" content=\"Unnsteinn \u00c1rnason, the young bass from Iceland, currently enjoys his second season as part of the the Ensemble at the\u2026\" \/>\n<meta property=\"og:url\" content=\"https:\/\/www.estherschollum.at\/en\/news\/premiere-in-innsbruck-unnsteinn-arnason-as-masetto\/\" \/>\n<meta property=\"og:site_name\" content=\"Esther Schollum Artists Management Wien\" \/>\n<meta property=\"article:published_time\" content=\"2019-05-29T11:09:53+00:00\" \/>\n<meta name=\"twitter:card\" content=\"summary_large_image\" \/>\n<meta name=\"twitter:label1\" content=\"Written by\" \/>\n\t<meta name=\"twitter:data1\" content=\"Martina Genb\u00f6ck\" \/>\n<script type=\"application\/ld+json\" class=\"yoast-schema-graph\">{\"@context\":\"https:\/\/schema.org\",\"@graph\":[{\"@type\":\"WebSite\",\"@id\":\"https:\/\/www.estherschollum.at\/#website\",\"url\":\"https:\/\/www.estherschollum.at\/\",\"name\":\"Esther Schollum Artists Management Wien\",\"description\":\"Esther Schollum Artists Management\",\"potentialAction\":[{\"@type\":\"SearchAction\",\"target\":{\"@type\":\"EntryPoint\",\"urlTemplate\":\"https:\/\/www.estherschollum.at\/?s={search_term_string}\"},\"query-input\":\"required name=search_term_string\"}],\"inLanguage\":\"en-US\"},{\"@type\":\"WebPage\",\"@id\":\"https:\/\/www.estherschollum.at\/en\/news\/premiere-in-innsbruck-unnsteinn-arnason-as-masetto\/#webpage\",\"url\":\"https:\/\/www.estherschollum.at\/en\/news\/premiere-in-innsbruck-unnsteinn-arnason-as-masetto\/\",\"name\":\"Premi\\u00e8re: In Innsbruck, Unnsteinn \\u00c1rnason as Masetto - Esther Schollum Artists Management Wien\",\"isPartOf\":{\"@id\":\"https:\/\/www.estherschollum.at\/#website\"},\"datePublished\":\"2019-05-29T11:09:53+00:00\",\"dateModified\":\"2019-05-29T11:09:53+00:00\",\"author\":{\"@id\":\"https:\/\/www.estherschollum.at\/#\/schema\/person\/70a628d405a7c3af7ca2a4f95de7148c\"},\"breadcrumb\":{\"@id\":\"https:\/\/www.estherschollum.at\/en\/news\/premiere-in-innsbruck-unnsteinn-arnason-as-masetto\/#breadcrumb\"},\"inLanguage\":\"en-US\",\"potentialAction\":[{\"@type\":\"ReadAction\",\"target\":[\"https:\/\/www.estherschollum.at\/en\/news\/premiere-in-innsbruck-unnsteinn-arnason-as-masetto\/\"]}]},{\"@type\":\"BreadcrumbList\",\"@id\":\"https:\/\/www.estherschollum.at\/en\/news\/premiere-in-innsbruck-unnsteinn-arnason-as-masetto\/#breadcrumb\",\"itemListElement\":[{\"@type\":\"ListItem\",\"position\":1,\"name\":\"Home\",\"item\":\"https:\/\/www.estherschollum.at\/en\/\"},{\"@type\":\"ListItem\",\"position\":2,\"name\":\"Premi\\u00e8re: In Innsbruck, Unnsteinn \\u00c1rnason as Masetto\"}]},{\"@type\":\"Person\",\"@id\":\"https:\/\/www.estherschollum.at\/#\/schema\/person\/70a628d405a7c3af7ca2a4f95de7148c\",\"name\":\"Martina Genb\\u00f6ck\",\"image\":{\"@type\":\"ImageObject\",\"@id\":\"https:\/\/www.estherschollum.at\/#personlogo\",\"inLanguage\":\"en-US\",\"url\":\"https:\/\/secure.gravatar.com\/avatar\/8d42d23102ef5e33c8f2402c6ee495fd?s=96&d=mm&r=g\",\"contentUrl\":\"https:\/\/secure.gravatar.com\/avatar\/8d42d23102ef5e33c8f2402c6ee495fd?s=96&d=mm&r=g\",\"caption\":\"Martina Genb\\u00f6ck\"},\"sameAs\":[\"http:\/\/host-107245.webhosting.magentabusiness.at\/estherschollum.at\"],\"url\":\"https:\/\/www.estherschollum.at\/en\/news\/author\/gruber\/\"}]}<\/script>\n<!-- \/ Yoast SEO plugin. -->","yoast_head_json":{"title":"Premi\u00e8re: In Innsbruck, Unnsteinn \u00c1rnason as Masetto - Esther Schollum Artists Management Wien","robots":{"index":"index","follow":"follow","max-snippet":"max-snippet:-1","max-image-preview":"max-image-preview:large","max-video-preview":"max-video-preview:-1"},"canonical":"https:\/\/www.estherschollum.at\/en\/news\/premiere-in-innsbruck-unnsteinn-arnason-as-masetto\/","og_locale":"en_US","og_title":"Premi\u00e8re: In Innsbruck, Unnsteinn \u00c1rnason as Masetto - Esther Schollum Artists Management Wien","og_description":"Unnsteinn \u00c1rnason, the young bass from Iceland, currently enjoys his second season as part of the the Ensemble at the\u2026","og_url":"https:\/\/www.estherschollum.at\/en\/news\/premiere-in-innsbruck-unnsteinn-arnason-as-masetto\/","og_site_name":"Esther Schollum Artists Management Wien","article_published_time":"2019-05-29T11:09:53+00:00","twitter_card":"summary_large_image","twitter_misc":{"Written by":"Martina Genb\u00f6ck"},"schema":{"@context":"https:\/\/schema.org","@graph":[{"@type":"WebSite","@id":"https:\/\/www.estherschollum.at\/#website","url":"https:\/\/www.estherschollum.at\/","name":"Esther Schollum Artists Management Wien","description":"Esther Schollum Artists Management","potentialAction":[{"@type":"SearchAction","target":{"@type":"EntryPoint","urlTemplate":"https:\/\/www.estherschollum.at\/?s={search_term_string}"},"query-input":"required name=search_term_string"}],"inLanguage":"en-US"},{"@type":"WebPage","@id":"https:\/\/www.estherschollum.at\/en\/news\/premiere-in-innsbruck-unnsteinn-arnason-as-masetto\/#webpage","url":"https:\/\/www.estherschollum.at\/en\/news\/premiere-in-innsbruck-unnsteinn-arnason-as-masetto\/","name":"Premi\u00e8re: In Innsbruck, Unnsteinn \u00c1rnason as Masetto - Esther Schollum Artists Management Wien","isPartOf":{"@id":"https:\/\/www.estherschollum.at\/#website"},"datePublished":"2019-05-29T11:09:53+00:00","dateModified":"2019-05-29T11:09:53+00:00","author":{"@id":"https:\/\/www.estherschollum.at\/#\/schema\/person\/70a628d405a7c3af7ca2a4f95de7148c"},"breadcrumb":{"@id":"https:\/\/www.estherschollum.at\/en\/news\/premiere-in-innsbruck-unnsteinn-arnason-as-masetto\/#breadcrumb"},"inLanguage":"en-US","potentialAction":[{"@type":"ReadAction","target":["https:\/\/www.estherschollum.at\/en\/news\/premiere-in-innsbruck-unnsteinn-arnason-as-masetto\/"]}]},{"@type":"BreadcrumbList","@id":"https:\/\/www.estherschollum.at\/en\/news\/premiere-in-innsbruck-unnsteinn-arnason-as-masetto\/#breadcrumb","itemListElement":[{"@type":"ListItem","position":1,"name":"Home","item":"https:\/\/www.estherschollum.at\/en\/"},{"@type":"ListItem","position":2,"name":"Premi\u00e8re: In Innsbruck, Unnsteinn \u00c1rnason as Masetto"}]},{"@type":"Person","@id":"https:\/\/www.estherschollum.at\/#\/schema\/person\/70a628d405a7c3af7ca2a4f95de7148c","name":"Martina Genb\u00f6ck","image":{"@type":"ImageObject","@id":"https:\/\/www.estherschollum.at\/#personlogo","inLanguage":"en-US","url":"https:\/\/secure.gravatar.com\/avatar\/8d42d23102ef5e33c8f2402c6ee495fd?s=96&d=mm&r=g","contentUrl":"https:\/\/secure.gravatar.com\/avatar\/8d42d23102ef5e33c8f2402c6ee495fd?s=96&d=mm&r=g","caption":"Martina Genb\u00f6ck"},"sameAs":["http:\/\/host-107245.webhosting.magentabusiness.at\/estherschollum.at"],"url":"https:\/\/www.estherschollum.at\/en\/news\/author\/gruber\/"}]}},"_links":{"self":[{"href":"https:\/\/www.estherschollum.at\/en\/wp-json\/wp\/v2\/posts\/5309"}],"collection":[{"href":"https:\/\/www.estherschollum.at\/en\/wp-json\/wp\/v2\/posts"}],"about":[{"href":"https:\/\/www.estherschollum.at\/en\/wp-json\/wp\/v2\/types\/post"}],"author":[{"embeddable":true,"href":"https:\/\/www.estherschollum.at\/en\/wp-json\/wp\/v2\/users\/8"}],"replies":[{"embeddable":true,"href":"https:\/\/www.estherschollum.at\/en\/wp-json\/wp\/v2\/comments?post=5309"}],"version-history":[{"count":1,"href":"https:\/\/www.estherschollum.at\/en\/wp-json\/wp\/v2\/posts\/5309\/revisions"}],"predecessor-version":[{"id":5310,"href":"https:\/\/www.estherschollum.at\/en\/wp-json\/wp\/v2\/posts\/5309\/revisions\/5310"}],"wp:attachment":[{"href":"https:\/\/www.estherschollum.at\/en\/wp-json\/wp\/v2\/media?parent=5309"}],"wp:term":[{"taxonomy":"category","embeddable":true,"href":"https:\/\/www.estherschollum.at\/en\/wp-json\/wp\/v2\/categories?post=5309"}],"curies":[{"name":"wp","href":"https:\/\/api.w.org\/{rel}","templated":true}]}}