{"id":4679,"date":"2019-01-30T11:03:52","date_gmt":"2019-01-30T10:03:52","guid":{"rendered":"https:\/\/www.estherschollum.at\/?p=4679"},"modified":"2019-01-30T11:03:52","modified_gmt":"2019-01-30T10:03:52","slug":"invited-back-erich-polz-conducts-the-nordwestdeutsche-philharmonie","status":"publish","type":"post","link":"https:\/\/www.estherschollum.at\/en\/news\/invited-back-erich-polz-conducts-the-nordwestdeutsche-philharmonie\/","title":{"rendered":"Invited back: Erich Polz conducts the Nordwestdeutsche Philharmonie"},"content":{"rendered":"<p align=\"left\">Young Austrian conductor\u00a0<a href=\"https:\/\/www.estherschollum.at\/en\/artists\/erich-polz\/\" target=\"_blank\" rel=\"noopener\"><strong>Erich Polz<\/strong><\/a>\u00a0<a href=\"https:\/\/www.nwd-philharmonie.de\/die-nwd\/cd-katalog\/\" target=\"_blank\" rel=\"noopener\">recorded some of Shostakovich\u2019s works<\/a>\u00a0with the\u00a0<a href=\"https:\/\/www.nwd-philharmonie.de\/\" target=\"_blank\" rel=\"noopener\">Nordwestdeutsche Philharmonie<\/a>, a recording that not only gathered favourable reviews left and right but also just was honoured with the renowned Pasticcio Award of the Austrian national broadcaster ORF. The excellent chemistry between orchestra and conductor and the resulting fertile cooperation led the Nordwestdeutsche Philharmonie to ask him back for two concerts with works by Anton\u00edn Dvo\u0159\u00e1k.<\/p>\n<p align=\"left\"><a href=\"https:\/\/www.nwd-philharmonie.de\/konzerte\/?monat=2019-02&amp;ort=Minden#konzerte_liste\" target=\"_blank\" rel=\"noopener\">Nordwestdeutsche Philharmonie: Community Dance Minden 2019<\/a><br \/>\n<a href=\"https:\/\/www.estherschollum.at\/en\/artists\/erich-polz\/\" target=\"_blank\" rel=\"noopener\">Erich Polz<\/a>, Dirigent<br \/>\nDvo\u0159\u00e1k: Slavonic Dances, 9th symphony<br \/>\n<a href=\"https:\/\/www.nwd-philharmonie.de\/\" target=\"_blank\" rel=\"noopener\">Kampa-Halle, Minden<\/a><br \/>\nFeb. 8th 7:30 pm, 9th 7:30 pm<\/p>\n","protected":false},"excerpt":{"rendered":"<p>Young Austrian conductor\u00a0Erich Polz\u00a0recorded some of Shostakovich\u2019s works\u00a0with the\u00a0Nordwestdeutsche Philharmonie, a recording that not only gathered favourable reviews left and\u2026<\/p>\n","protected":false},"author":8,"featured_media":0,"comment_status":"closed","ping_status":"closed","sticky":false,"template":"","format":"standard","meta":{"_monsterinsights_skip_tracking":false,"_monsterinsights_sitenote_active":false,"_monsterinsights_sitenote_note":"","_monsterinsights_sitenote_category":0},"categories":[50],"acf":[],"yoast_head":"<!-- This site is optimized with the Yoast SEO plugin v17.7 - https:\/\/yoast.com\/wordpress\/plugins\/seo\/ -->\n<title>Invited back: Erich Polz conducts the Nordwestdeutsche Philharmonie - Esther Schollum Artists Management Wien<\/title>\n<meta name=\"robots\" content=\"index, follow, max-snippet:-1, max-image-preview:large, max-video-preview:-1\" \/>\n<link rel=\"canonical\" href=\"https:\/\/www.estherschollum.at\/en\/news\/invited-back-erich-polz-conducts-the-nordwestdeutsche-philharmonie\/\" \/>\n<meta property=\"og:locale\" content=\"en_US\" \/>\n<meta property=\"og:title\" content=\"Invited back: Erich Polz conducts the Nordwestdeutsche Philharmonie - Esther Schollum Artists Management Wien\" \/>\n<meta property=\"og:description\" content=\"Young Austrian conductor\u00a0Erich Polz\u00a0recorded some of Shostakovich\u2019s works\u00a0with the\u00a0Nordwestdeutsche Philharmonie, a recording that not only gathered favourable reviews left and\u2026\" \/>\n<meta property=\"og:url\" content=\"https:\/\/www.estherschollum.at\/en\/news\/invited-back-erich-polz-conducts-the-nordwestdeutsche-philharmonie\/\" \/>\n<meta property=\"og:site_name\" content=\"Esther Schollum Artists Management Wien\" \/>\n<meta property=\"article:published_time\" content=\"2019-01-30T10:03:52+00:00\" \/>\n<meta name=\"twitter:card\" content=\"summary_large_image\" \/>\n<meta name=\"twitter:label1\" content=\"Written by\" \/>\n\t<meta name=\"twitter:data1\" content=\"Martina Genb\u00f6ck\" \/>\n<script type=\"application\/ld+json\" class=\"yoast-schema-graph\">{\"@context\":\"https:\/\/schema.org\",\"@graph\":[{\"@type\":\"WebSite\",\"@id\":\"https:\/\/www.estherschollum.at\/#website\",\"url\":\"https:\/\/www.estherschollum.at\/\",\"name\":\"Esther Schollum Artists Management Wien\",\"description\":\"Esther Schollum Artists Management\",\"potentialAction\":[{\"@type\":\"SearchAction\",\"target\":{\"@type\":\"EntryPoint\",\"urlTemplate\":\"https:\/\/www.estherschollum.at\/?s={search_term_string}\"},\"query-input\":\"required name=search_term_string\"}],\"inLanguage\":\"en-US\"},{\"@type\":\"WebPage\",\"@id\":\"https:\/\/www.estherschollum.at\/en\/news\/invited-back-erich-polz-conducts-the-nordwestdeutsche-philharmonie\/#webpage\",\"url\":\"https:\/\/www.estherschollum.at\/en\/news\/invited-back-erich-polz-conducts-the-nordwestdeutsche-philharmonie\/\",\"name\":\"Invited back: Erich Polz conducts the Nordwestdeutsche Philharmonie - Esther Schollum Artists Management Wien\",\"isPartOf\":{\"@id\":\"https:\/\/www.estherschollum.at\/#website\"},\"datePublished\":\"2019-01-30T10:03:52+00:00\",\"dateModified\":\"2019-01-30T10:03:52+00:00\",\"author\":{\"@id\":\"https:\/\/www.estherschollum.at\/#\/schema\/person\/70a628d405a7c3af7ca2a4f95de7148c\"},\"breadcrumb\":{\"@id\":\"https:\/\/www.estherschollum.at\/en\/news\/invited-back-erich-polz-conducts-the-nordwestdeutsche-philharmonie\/#breadcrumb\"},\"inLanguage\":\"en-US\",\"potentialAction\":[{\"@type\":\"ReadAction\",\"target\":[\"https:\/\/www.estherschollum.at\/en\/news\/invited-back-erich-polz-conducts-the-nordwestdeutsche-philharmonie\/\"]}]},{\"@type\":\"BreadcrumbList\",\"@id\":\"https:\/\/www.estherschollum.at\/en\/news\/invited-back-erich-polz-conducts-the-nordwestdeutsche-philharmonie\/#breadcrumb\",\"itemListElement\":[{\"@type\":\"ListItem\",\"position\":1,\"name\":\"Home\",\"item\":\"https:\/\/www.estherschollum.at\/en\/\"},{\"@type\":\"ListItem\",\"position\":2,\"name\":\"Invited back: Erich Polz conducts the Nordwestdeutsche Philharmonie\"}]},{\"@type\":\"Person\",\"@id\":\"https:\/\/www.estherschollum.at\/#\/schema\/person\/70a628d405a7c3af7ca2a4f95de7148c\",\"name\":\"Martina Genb\\u00f6ck\",\"image\":{\"@type\":\"ImageObject\",\"@id\":\"https:\/\/www.estherschollum.at\/#personlogo\",\"inLanguage\":\"en-US\",\"url\":\"https:\/\/secure.gravatar.com\/avatar\/8d42d23102ef5e33c8f2402c6ee495fd?s=96&d=mm&r=g\",\"contentUrl\":\"https:\/\/secure.gravatar.com\/avatar\/8d42d23102ef5e33c8f2402c6ee495fd?s=96&d=mm&r=g\",\"caption\":\"Martina Genb\\u00f6ck\"},\"sameAs\":[\"http:\/\/host-107245.webhosting.magentabusiness.at\/estherschollum.at\"],\"url\":\"https:\/\/www.estherschollum.at\/en\/news\/author\/gruber\/\"}]}<\/script>\n<!-- \/ Yoast SEO plugin. -->","yoast_head_json":{"title":"Invited back: Erich Polz conducts the Nordwestdeutsche Philharmonie - Esther Schollum Artists Management Wien","robots":{"index":"index","follow":"follow","max-snippet":"max-snippet:-1","max-image-preview":"max-image-preview:large","max-video-preview":"max-video-preview:-1"},"canonical":"https:\/\/www.estherschollum.at\/en\/news\/invited-back-erich-polz-conducts-the-nordwestdeutsche-philharmonie\/","og_locale":"en_US","og_title":"Invited back: Erich Polz conducts the Nordwestdeutsche Philharmonie - Esther Schollum Artists Management Wien","og_description":"Young Austrian conductor\u00a0Erich Polz\u00a0recorded some of Shostakovich\u2019s works\u00a0with the\u00a0Nordwestdeutsche Philharmonie, a recording that not only gathered favourable reviews left and\u2026","og_url":"https:\/\/www.estherschollum.at\/en\/news\/invited-back-erich-polz-conducts-the-nordwestdeutsche-philharmonie\/","og_site_name":"Esther Schollum Artists Management Wien","article_published_time":"2019-01-30T10:03:52+00:00","twitter_card":"summary_large_image","twitter_misc":{"Written by":"Martina Genb\u00f6ck"},"schema":{"@context":"https:\/\/schema.org","@graph":[{"@type":"WebSite","@id":"https:\/\/www.estherschollum.at\/#website","url":"https:\/\/www.estherschollum.at\/","name":"Esther Schollum Artists Management Wien","description":"Esther Schollum Artists Management","potentialAction":[{"@type":"SearchAction","target":{"@type":"EntryPoint","urlTemplate":"https:\/\/www.estherschollum.at\/?s={search_term_string}"},"query-input":"required name=search_term_string"}],"inLanguage":"en-US"},{"@type":"WebPage","@id":"https:\/\/www.estherschollum.at\/en\/news\/invited-back-erich-polz-conducts-the-nordwestdeutsche-philharmonie\/#webpage","url":"https:\/\/www.estherschollum.at\/en\/news\/invited-back-erich-polz-conducts-the-nordwestdeutsche-philharmonie\/","name":"Invited back: Erich Polz conducts the Nordwestdeutsche Philharmonie - Esther Schollum Artists Management Wien","isPartOf":{"@id":"https:\/\/www.estherschollum.at\/#website"},"datePublished":"2019-01-30T10:03:52+00:00","dateModified":"2019-01-30T10:03:52+00:00","author":{"@id":"https:\/\/www.estherschollum.at\/#\/schema\/person\/70a628d405a7c3af7ca2a4f95de7148c"},"breadcrumb":{"@id":"https:\/\/www.estherschollum.at\/en\/news\/invited-back-erich-polz-conducts-the-nordwestdeutsche-philharmonie\/#breadcrumb"},"inLanguage":"en-US","potentialAction":[{"@type":"ReadAction","target":["https:\/\/www.estherschollum.at\/en\/news\/invited-back-erich-polz-conducts-the-nordwestdeutsche-philharmonie\/"]}]},{"@type":"BreadcrumbList","@id":"https:\/\/www.estherschollum.at\/en\/news\/invited-back-erich-polz-conducts-the-nordwestdeutsche-philharmonie\/#breadcrumb","itemListElement":[{"@type":"ListItem","position":1,"name":"Home","item":"https:\/\/www.estherschollum.at\/en\/"},{"@type":"ListItem","position":2,"name":"Invited back: Erich Polz conducts the Nordwestdeutsche Philharmonie"}]},{"@type":"Person","@id":"https:\/\/www.estherschollum.at\/#\/schema\/person\/70a628d405a7c3af7ca2a4f95de7148c","name":"Martina Genb\u00f6ck","image":{"@type":"ImageObject","@id":"https:\/\/www.estherschollum.at\/#personlogo","inLanguage":"en-US","url":"https:\/\/secure.gravatar.com\/avatar\/8d42d23102ef5e33c8f2402c6ee495fd?s=96&d=mm&r=g","contentUrl":"https:\/\/secure.gravatar.com\/avatar\/8d42d23102ef5e33c8f2402c6ee495fd?s=96&d=mm&r=g","caption":"Martina Genb\u00f6ck"},"sameAs":["http:\/\/host-107245.webhosting.magentabusiness.at\/estherschollum.at"],"url":"https:\/\/www.estherschollum.at\/en\/news\/author\/gruber\/"}]}},"_links":{"self":[{"href":"https:\/\/www.estherschollum.at\/en\/wp-json\/wp\/v2\/posts\/4679"}],"collection":[{"href":"https:\/\/www.estherschollum.at\/en\/wp-json\/wp\/v2\/posts"}],"about":[{"href":"https:\/\/www.estherschollum.at\/en\/wp-json\/wp\/v2\/types\/post"}],"author":[{"embeddable":true,"href":"https:\/\/www.estherschollum.at\/en\/wp-json\/wp\/v2\/users\/8"}],"replies":[{"embeddable":true,"href":"https:\/\/www.estherschollum.at\/en\/wp-json\/wp\/v2\/comments?post=4679"}],"version-history":[{"count":1,"href":"https:\/\/www.estherschollum.at\/en\/wp-json\/wp\/v2\/posts\/4679\/revisions"}],"predecessor-version":[{"id":4680,"href":"https:\/\/www.estherschollum.at\/en\/wp-json\/wp\/v2\/posts\/4679\/revisions\/4680"}],"wp:attachment":[{"href":"https:\/\/www.estherschollum.at\/en\/wp-json\/wp\/v2\/media?parent=4679"}],"wp:term":[{"taxonomy":"category","embeddable":true,"href":"https:\/\/www.estherschollum.at\/en\/wp-json\/wp\/v2\/categories?post=4679"}],"curies":[{"name":"wp","href":"https:\/\/api.w.org\/{rel}","templated":true}]}}