{"id":4475,"date":"2018-10-29T13:38:41","date_gmt":"2018-10-29T12:38:41","guid":{"rendered":"https:\/\/www.estherschollum.at\/?p=4475"},"modified":"2018-10-29T13:38:41","modified_gmt":"2018-10-29T12:38:41","slug":"premiere-denise-beck-as-adele-in-copenhagen","status":"publish","type":"post","link":"https:\/\/www.estherschollum.at\/en\/news\/premiere-denise-beck-as-adele-in-copenhagen\/","title":{"rendered":"Premi\u00e8re: D\u00e9nise Beck as Adele in Copenhagen"},"content":{"rendered":"<p align=\"justify\"><a href=\"https:\/\/www.estherschollum.at\/en\/artists\/denise-beck\/\" target=\"_blank\" rel=\"noopener\"><strong>D\u00e9nise Beck<\/strong><\/a> is a veteran of \u201cDie Fledermaus\u201d, having sung the part of Adele many times. Her upcoming performances at the <a href=\"https:\/\/kglteater.dk\/en\/whats-on\/season-20182019\/opera\/die-fledermaus\/?section=22931\" target=\"_blank\" rel=\"noopener\">Royal Danish Opera<\/a> offer a special treat: The new production Johann Strauss\u2019 famous operetta is sung in Danish.<\/p>\n<p align=\"justify\"><a href=\"https:\/\/kglteater.dk\/en\/whats-on\/season-20182019\/opera\/die-fledermaus\/?section=22931\" target=\"_blank\" rel=\"noopener\"><strong>J. Strauss: Die Fledermaus<\/strong><\/a><br \/>\nRoyal Danish Opera<br \/>\n2018: <strong>November 24th (premi\u00e8re)<\/strong>; December 9th, 16th<br \/>\n2019: January 3rd, 6th, 10th, 29th; February 1st, 27th; March 1st<\/p>\n<p>&nbsp;<\/p>\n","protected":false},"excerpt":{"rendered":"<p>D\u00e9nise Beck is a veteran of \u201cDie Fledermaus\u201d, having sung the part of Adele many times. Her upcoming performances at\u2026<\/p>\n","protected":false},"author":8,"featured_media":0,"comment_status":"closed","ping_status":"closed","sticky":false,"template":"","format":"standard","meta":{"_monsterinsights_skip_tracking":false,"_monsterinsights_sitenote_active":false,"_monsterinsights_sitenote_note":"","_monsterinsights_sitenote_category":0},"categories":[44],"acf":[],"yoast_head":"<!-- This site is optimized with the Yoast SEO plugin v17.7 - https:\/\/yoast.com\/wordpress\/plugins\/seo\/ -->\n<title>Premi\u00e8re: D\u00e9nise Beck as Adele in Copenhagen - Esther Schollum Artists Management Wien<\/title>\n<meta name=\"robots\" content=\"index, follow, max-snippet:-1, max-image-preview:large, max-video-preview:-1\" \/>\n<link rel=\"canonical\" href=\"https:\/\/www.estherschollum.at\/en\/news\/premiere-denise-beck-as-adele-in-copenhagen\/\" \/>\n<meta property=\"og:locale\" content=\"en_US\" \/>\n<meta property=\"og:title\" content=\"Premi\u00e8re: D\u00e9nise Beck as Adele in Copenhagen - Esther Schollum Artists Management Wien\" \/>\n<meta property=\"og:description\" content=\"D\u00e9nise Beck is a veteran of \u201cDie Fledermaus\u201d, having sung the part of Adele many times. Her upcoming performances at\u2026\" \/>\n<meta property=\"og:url\" content=\"https:\/\/www.estherschollum.at\/en\/news\/premiere-denise-beck-as-adele-in-copenhagen\/\" \/>\n<meta property=\"og:site_name\" content=\"Esther Schollum Artists Management Wien\" \/>\n<meta property=\"article:published_time\" content=\"2018-10-29T12:38:41+00:00\" \/>\n<meta name=\"twitter:card\" content=\"summary_large_image\" \/>\n<meta name=\"twitter:label1\" content=\"Written by\" \/>\n\t<meta name=\"twitter:data1\" content=\"Martina Genb\u00f6ck\" \/>\n<script type=\"application\/ld+json\" class=\"yoast-schema-graph\">{\"@context\":\"https:\/\/schema.org\",\"@graph\":[{\"@type\":\"WebSite\",\"@id\":\"https:\/\/www.estherschollum.at\/#website\",\"url\":\"https:\/\/www.estherschollum.at\/\",\"name\":\"Esther Schollum Artists Management Wien\",\"description\":\"Esther Schollum Artists Management\",\"potentialAction\":[{\"@type\":\"SearchAction\",\"target\":{\"@type\":\"EntryPoint\",\"urlTemplate\":\"https:\/\/www.estherschollum.at\/?s={search_term_string}\"},\"query-input\":\"required name=search_term_string\"}],\"inLanguage\":\"en-US\"},{\"@type\":\"WebPage\",\"@id\":\"https:\/\/www.estherschollum.at\/en\/news\/premiere-denise-beck-as-adele-in-copenhagen\/#webpage\",\"url\":\"https:\/\/www.estherschollum.at\/en\/news\/premiere-denise-beck-as-adele-in-copenhagen\/\",\"name\":\"Premi\\u00e8re: D\\u00e9nise Beck as Adele in Copenhagen - Esther Schollum Artists Management Wien\",\"isPartOf\":{\"@id\":\"https:\/\/www.estherschollum.at\/#website\"},\"datePublished\":\"2018-10-29T12:38:41+00:00\",\"dateModified\":\"2018-10-29T12:38:41+00:00\",\"author\":{\"@id\":\"https:\/\/www.estherschollum.at\/#\/schema\/person\/70a628d405a7c3af7ca2a4f95de7148c\"},\"breadcrumb\":{\"@id\":\"https:\/\/www.estherschollum.at\/en\/news\/premiere-denise-beck-as-adele-in-copenhagen\/#breadcrumb\"},\"inLanguage\":\"en-US\",\"potentialAction\":[{\"@type\":\"ReadAction\",\"target\":[\"https:\/\/www.estherschollum.at\/en\/news\/premiere-denise-beck-as-adele-in-copenhagen\/\"]}]},{\"@type\":\"BreadcrumbList\",\"@id\":\"https:\/\/www.estherschollum.at\/en\/news\/premiere-denise-beck-as-adele-in-copenhagen\/#breadcrumb\",\"itemListElement\":[{\"@type\":\"ListItem\",\"position\":1,\"name\":\"Home\",\"item\":\"https:\/\/www.estherschollum.at\/en\/\"},{\"@type\":\"ListItem\",\"position\":2,\"name\":\"Premi\\u00e8re: D\\u00e9nise Beck as Adele in Copenhagen\"}]},{\"@type\":\"Person\",\"@id\":\"https:\/\/www.estherschollum.at\/#\/schema\/person\/70a628d405a7c3af7ca2a4f95de7148c\",\"name\":\"Martina Genb\\u00f6ck\",\"image\":{\"@type\":\"ImageObject\",\"@id\":\"https:\/\/www.estherschollum.at\/#personlogo\",\"inLanguage\":\"en-US\",\"url\":\"https:\/\/secure.gravatar.com\/avatar\/8d42d23102ef5e33c8f2402c6ee495fd?s=96&d=mm&r=g\",\"contentUrl\":\"https:\/\/secure.gravatar.com\/avatar\/8d42d23102ef5e33c8f2402c6ee495fd?s=96&d=mm&r=g\",\"caption\":\"Martina Genb\\u00f6ck\"},\"sameAs\":[\"http:\/\/host-107245.webhosting.magentabusiness.at\/estherschollum.at\"],\"url\":\"https:\/\/www.estherschollum.at\/en\/news\/author\/gruber\/\"}]}<\/script>\n<!-- \/ Yoast SEO plugin. -->","yoast_head_json":{"title":"Premi\u00e8re: D\u00e9nise Beck as Adele in Copenhagen - Esther Schollum Artists Management Wien","robots":{"index":"index","follow":"follow","max-snippet":"max-snippet:-1","max-image-preview":"max-image-preview:large","max-video-preview":"max-video-preview:-1"},"canonical":"https:\/\/www.estherschollum.at\/en\/news\/premiere-denise-beck-as-adele-in-copenhagen\/","og_locale":"en_US","og_title":"Premi\u00e8re: D\u00e9nise Beck as Adele in Copenhagen - Esther Schollum Artists Management Wien","og_description":"D\u00e9nise Beck is a veteran of \u201cDie Fledermaus\u201d, having sung the part of Adele many times. Her upcoming performances at\u2026","og_url":"https:\/\/www.estherschollum.at\/en\/news\/premiere-denise-beck-as-adele-in-copenhagen\/","og_site_name":"Esther Schollum Artists Management Wien","article_published_time":"2018-10-29T12:38:41+00:00","twitter_card":"summary_large_image","twitter_misc":{"Written by":"Martina Genb\u00f6ck"},"schema":{"@context":"https:\/\/schema.org","@graph":[{"@type":"WebSite","@id":"https:\/\/www.estherschollum.at\/#website","url":"https:\/\/www.estherschollum.at\/","name":"Esther Schollum Artists Management Wien","description":"Esther Schollum Artists Management","potentialAction":[{"@type":"SearchAction","target":{"@type":"EntryPoint","urlTemplate":"https:\/\/www.estherschollum.at\/?s={search_term_string}"},"query-input":"required name=search_term_string"}],"inLanguage":"en-US"},{"@type":"WebPage","@id":"https:\/\/www.estherschollum.at\/en\/news\/premiere-denise-beck-as-adele-in-copenhagen\/#webpage","url":"https:\/\/www.estherschollum.at\/en\/news\/premiere-denise-beck-as-adele-in-copenhagen\/","name":"Premi\u00e8re: D\u00e9nise Beck as Adele in Copenhagen - Esther Schollum Artists Management Wien","isPartOf":{"@id":"https:\/\/www.estherschollum.at\/#website"},"datePublished":"2018-10-29T12:38:41+00:00","dateModified":"2018-10-29T12:38:41+00:00","author":{"@id":"https:\/\/www.estherschollum.at\/#\/schema\/person\/70a628d405a7c3af7ca2a4f95de7148c"},"breadcrumb":{"@id":"https:\/\/www.estherschollum.at\/en\/news\/premiere-denise-beck-as-adele-in-copenhagen\/#breadcrumb"},"inLanguage":"en-US","potentialAction":[{"@type":"ReadAction","target":["https:\/\/www.estherschollum.at\/en\/news\/premiere-denise-beck-as-adele-in-copenhagen\/"]}]},{"@type":"BreadcrumbList","@id":"https:\/\/www.estherschollum.at\/en\/news\/premiere-denise-beck-as-adele-in-copenhagen\/#breadcrumb","itemListElement":[{"@type":"ListItem","position":1,"name":"Home","item":"https:\/\/www.estherschollum.at\/en\/"},{"@type":"ListItem","position":2,"name":"Premi\u00e8re: D\u00e9nise Beck as Adele in Copenhagen"}]},{"@type":"Person","@id":"https:\/\/www.estherschollum.at\/#\/schema\/person\/70a628d405a7c3af7ca2a4f95de7148c","name":"Martina Genb\u00f6ck","image":{"@type":"ImageObject","@id":"https:\/\/www.estherschollum.at\/#personlogo","inLanguage":"en-US","url":"https:\/\/secure.gravatar.com\/avatar\/8d42d23102ef5e33c8f2402c6ee495fd?s=96&d=mm&r=g","contentUrl":"https:\/\/secure.gravatar.com\/avatar\/8d42d23102ef5e33c8f2402c6ee495fd?s=96&d=mm&r=g","caption":"Martina Genb\u00f6ck"},"sameAs":["http:\/\/host-107245.webhosting.magentabusiness.at\/estherschollum.at"],"url":"https:\/\/www.estherschollum.at\/en\/news\/author\/gruber\/"}]}},"_links":{"self":[{"href":"https:\/\/www.estherschollum.at\/en\/wp-json\/wp\/v2\/posts\/4475"}],"collection":[{"href":"https:\/\/www.estherschollum.at\/en\/wp-json\/wp\/v2\/posts"}],"about":[{"href":"https:\/\/www.estherschollum.at\/en\/wp-json\/wp\/v2\/types\/post"}],"author":[{"embeddable":true,"href":"https:\/\/www.estherschollum.at\/en\/wp-json\/wp\/v2\/users\/8"}],"replies":[{"embeddable":true,"href":"https:\/\/www.estherschollum.at\/en\/wp-json\/wp\/v2\/comments?post=4475"}],"version-history":[{"count":1,"href":"https:\/\/www.estherschollum.at\/en\/wp-json\/wp\/v2\/posts\/4475\/revisions"}],"predecessor-version":[{"id":4476,"href":"https:\/\/www.estherschollum.at\/en\/wp-json\/wp\/v2\/posts\/4475\/revisions\/4476"}],"wp:attachment":[{"href":"https:\/\/www.estherschollum.at\/en\/wp-json\/wp\/v2\/media?parent=4475"}],"wp:term":[{"taxonomy":"category","embeddable":true,"href":"https:\/\/www.estherschollum.at\/en\/wp-json\/wp\/v2\/categories?post=4475"}],"curies":[{"name":"wp","href":"https:\/\/api.w.org\/{rel}","templated":true}]}}