{"id":11687,"date":"2026-04-28T19:54:51","date_gmt":"2026-04-28T18:54:51","guid":{"rendered":"https:\/\/www.estherschollum.at\/news\/wolfgang-resch-mit-grossen-operettenmelodien-in-bern\/"},"modified":"2026-04-28T19:56:25","modified_gmt":"2026-04-28T18:56:25","slug":"wolfgang-resch-mit-grossen-operettenmelodien-in-bern","status":"publish","type":"post","link":"https:\/\/www.estherschollum.at\/en\/news\/wolfgang-resch-mit-grossen-operettenmelodien-in-bern\/","title":{"rendered":"Wolfgang Resch with great operetta melodies in Bern"},"content":{"rendered":"<p>Together with the Ensemble Paul Klee and narrator Heidi Maria Gl\u00f6ssner as well as sopranos Marysol Schalit and L\u00e9onie Renaud and tenor Gustavo Quaresma Ramos, baritone\u00a0<a href=\"https:\/\/www.estherschollum.at\/artists\/wolfgang-resch\/\"><strong>Wolfgang Resch<\/strong><\/a>\u00a0takes to the stage at the\u00a0<a href=\"https:\/\/www.casinobern.ch\/programm\/operetten-zauber\/\">Casino Bern<\/a>\u00a0for a tour through arias from famous operettas by Franz Leh\u00e1r and Emmerich K\u00e1lm\u00e1n. The evening tells of memories of glamorous days and a love long past\u2014a story of fame, success, intrigue and sensation, spanning a life from Budapest to Vienna to China and back again.<\/p>\n<h2>Casino Bern<\/h2>\n<p><a href=\"https:\/\/www.casinobern.ch\/programm\/operetten-zauber\/#\">Operetta Magic: Ensemble Paul Klee<\/a><br \/>\n<a href=\"https:\/\/www.estherschollum.at\/artists\/wolfgang-resch\/\">Wolfgang Resch<\/a>, baritone<br \/>\n<strong>May 9, 2026<\/strong><\/p>\n","protected":false},"excerpt":{"rendered":"<p>Together with the Ensemble Paul Klee and narrator Heidi Maria Gl\u00f6ssner as well as sopranos Marysol Schalit and L\u00e9onie Renaud\u2026<\/p>\n","protected":false},"author":9,"featured_media":5810,"comment_status":"closed","ping_status":"closed","sticky":false,"template":"","format":"standard","meta":{"_monsterinsights_skip_tracking":false,"_monsterinsights_sitenote_active":false,"_monsterinsights_sitenote_note":"","_monsterinsights_sitenote_category":0},"categories":[227],"acf":[],"yoast_head":"<!-- This site is optimized with the Yoast SEO plugin v17.7 - https:\/\/yoast.com\/wordpress\/plugins\/seo\/ -->\n<title>Wolfgang Resch with great operetta melodies in Bern - Esther Schollum Artists Management Wien<\/title>\n<meta name=\"robots\" content=\"index, follow, max-snippet:-1, max-image-preview:large, max-video-preview:-1\" \/>\n<link rel=\"canonical\" href=\"https:\/\/www.estherschollum.at\/en\/news\/wolfgang-resch-mit-grossen-operettenmelodien-in-bern\/\" \/>\n<meta property=\"og:locale\" content=\"en_US\" \/>\n<meta property=\"og:title\" content=\"Wolfgang Resch with great operetta melodies in Bern - Esther Schollum Artists Management Wien\" \/>\n<meta property=\"og:description\" content=\"Together with the Ensemble Paul Klee and narrator Heidi Maria Gl\u00f6ssner as well as sopranos Marysol Schalit and L\u00e9onie Renaud\u2026\" \/>\n<meta property=\"og:url\" content=\"https:\/\/www.estherschollum.at\/en\/news\/wolfgang-resch-mit-grossen-operettenmelodien-in-bern\/\" \/>\n<meta property=\"og:site_name\" content=\"Esther Schollum Artists Management Wien\" \/>\n<meta property=\"article:published_time\" content=\"2026-04-28T18:54:51+00:00\" \/>\n<meta property=\"article:modified_time\" content=\"2026-04-28T18:56:25+00:00\" \/>\n<meta property=\"og:image\" content=\"https:\/\/www.estherschollum.at\/wp-content\/uploads\/2019\/11\/wolfgang-resch-by-theresa-pewal-15-2-762x1024.jpg\" \/>\n\t<meta property=\"og:image:width\" content=\"762\" \/>\n\t<meta property=\"og:image:height\" content=\"1024\" \/>\n<meta name=\"twitter:card\" content=\"summary_large_image\" \/>\n<meta name=\"twitter:label1\" content=\"Written by\" \/>\n\t<meta name=\"twitter:data1\" content=\"Felix Kasza\" \/>\n<script type=\"application\/ld+json\" class=\"yoast-schema-graph\">{\"@context\":\"https:\/\/schema.org\",\"@graph\":[{\"@type\":\"WebSite\",\"@id\":\"https:\/\/www.estherschollum.at\/#website\",\"url\":\"https:\/\/www.estherschollum.at\/\",\"name\":\"Esther Schollum Artists Management Wien\",\"description\":\"Esther Schollum Artists Management\",\"potentialAction\":[{\"@type\":\"SearchAction\",\"target\":{\"@type\":\"EntryPoint\",\"urlTemplate\":\"https:\/\/www.estherschollum.at\/?s={search_term_string}\"},\"query-input\":\"required name=search_term_string\"}],\"inLanguage\":\"en-US\"},{\"@type\":\"ImageObject\",\"@id\":\"https:\/\/www.estherschollum.at\/en\/news\/wolfgang-resch-mit-grossen-operettenmelodien-in-bern\/#primaryimage\",\"inLanguage\":\"en-US\",\"url\":\"https:\/\/www.estherschollum.at\/wp-content\/uploads\/2019\/11\/wolfgang-resch-by-theresa-pewal-15-2.jpg\",\"contentUrl\":\"https:\/\/www.estherschollum.at\/wp-content\/uploads\/2019\/11\/wolfgang-resch-by-theresa-pewal-15-2.jpg\",\"width\":2241,\"height\":3013,\"caption\":\"Wolfgang Resch \\u00a9 Theresa Pewal\"},{\"@type\":\"WebPage\",\"@id\":\"https:\/\/www.estherschollum.at\/en\/news\/wolfgang-resch-mit-grossen-operettenmelodien-in-bern\/#webpage\",\"url\":\"https:\/\/www.estherschollum.at\/en\/news\/wolfgang-resch-mit-grossen-operettenmelodien-in-bern\/\",\"name\":\"Wolfgang Resch with great operetta melodies in Bern - Esther Schollum Artists Management Wien\",\"isPartOf\":{\"@id\":\"https:\/\/www.estherschollum.at\/#website\"},\"primaryImageOfPage\":{\"@id\":\"https:\/\/www.estherschollum.at\/en\/news\/wolfgang-resch-mit-grossen-operettenmelodien-in-bern\/#primaryimage\"},\"datePublished\":\"2026-04-28T18:54:51+00:00\",\"dateModified\":\"2026-04-28T18:56:25+00:00\",\"author\":{\"@id\":\"https:\/\/www.estherschollum.at\/#\/schema\/person\/d0172a5fb757f177b5f287fe9ad83291\"},\"breadcrumb\":{\"@id\":\"https:\/\/www.estherschollum.at\/en\/news\/wolfgang-resch-mit-grossen-operettenmelodien-in-bern\/#breadcrumb\"},\"inLanguage\":\"en-US\",\"potentialAction\":[{\"@type\":\"ReadAction\",\"target\":[\"https:\/\/www.estherschollum.at\/en\/news\/wolfgang-resch-mit-grossen-operettenmelodien-in-bern\/\"]}]},{\"@type\":\"BreadcrumbList\",\"@id\":\"https:\/\/www.estherschollum.at\/en\/news\/wolfgang-resch-mit-grossen-operettenmelodien-in-bern\/#breadcrumb\",\"itemListElement\":[{\"@type\":\"ListItem\",\"position\":1,\"name\":\"Home\",\"item\":\"https:\/\/www.estherschollum.at\/en\/\"},{\"@type\":\"ListItem\",\"position\":2,\"name\":\"Wolfgang Resch with great operetta melodies in Bern\"}]},{\"@type\":\"Person\",\"@id\":\"https:\/\/www.estherschollum.at\/#\/schema\/person\/d0172a5fb757f177b5f287fe9ad83291\",\"name\":\"Felix Kasza\",\"image\":{\"@type\":\"ImageObject\",\"@id\":\"https:\/\/www.estherschollum.at\/#personlogo\",\"inLanguage\":\"en-US\",\"url\":\"https:\/\/secure.gravatar.com\/avatar\/0d8bed9db95dfff9cf9a338e94b9e26c?s=96&d=mm&r=g\",\"contentUrl\":\"https:\/\/secure.gravatar.com\/avatar\/0d8bed9db95dfff9cf9a338e94b9e26c?s=96&d=mm&r=g\",\"caption\":\"Felix Kasza\"},\"sameAs\":[\"http:\/\/host-107245.webhosting.magentabusiness.at\/estherschollum.at\"],\"url\":\"https:\/\/www.estherschollum.at\/en\/news\/author\/felixkasza\/\"}]}<\/script>\n<!-- \/ Yoast SEO plugin. -->","yoast_head_json":{"title":"Wolfgang Resch with great operetta melodies in Bern - Esther Schollum Artists Management Wien","robots":{"index":"index","follow":"follow","max-snippet":"max-snippet:-1","max-image-preview":"max-image-preview:large","max-video-preview":"max-video-preview:-1"},"canonical":"https:\/\/www.estherschollum.at\/en\/news\/wolfgang-resch-mit-grossen-operettenmelodien-in-bern\/","og_locale":"en_US","og_title":"Wolfgang Resch with great operetta melodies in Bern - Esther Schollum Artists Management Wien","og_description":"Together with the Ensemble Paul Klee and narrator Heidi Maria Gl\u00f6ssner as well as sopranos Marysol Schalit and L\u00e9onie Renaud\u2026","og_url":"https:\/\/www.estherschollum.at\/en\/news\/wolfgang-resch-mit-grossen-operettenmelodien-in-bern\/","og_site_name":"Esther Schollum Artists Management Wien","article_published_time":"2026-04-28T18:54:51+00:00","article_modified_time":"2026-04-28T18:56:25+00:00","og_image":[{"width":762,"height":1024,"url":"https:\/\/www.estherschollum.at\/wp-content\/uploads\/2019\/11\/wolfgang-resch-by-theresa-pewal-15-2-762x1024.jpg","type":"image\/jpeg"}],"twitter_card":"summary_large_image","twitter_misc":{"Written by":"Felix Kasza"},"schema":{"@context":"https:\/\/schema.org","@graph":[{"@type":"WebSite","@id":"https:\/\/www.estherschollum.at\/#website","url":"https:\/\/www.estherschollum.at\/","name":"Esther Schollum Artists Management Wien","description":"Esther Schollum Artists Management","potentialAction":[{"@type":"SearchAction","target":{"@type":"EntryPoint","urlTemplate":"https:\/\/www.estherschollum.at\/?s={search_term_string}"},"query-input":"required name=search_term_string"}],"inLanguage":"en-US"},{"@type":"ImageObject","@id":"https:\/\/www.estherschollum.at\/en\/news\/wolfgang-resch-mit-grossen-operettenmelodien-in-bern\/#primaryimage","inLanguage":"en-US","url":"https:\/\/www.estherschollum.at\/wp-content\/uploads\/2019\/11\/wolfgang-resch-by-theresa-pewal-15-2.jpg","contentUrl":"https:\/\/www.estherschollum.at\/wp-content\/uploads\/2019\/11\/wolfgang-resch-by-theresa-pewal-15-2.jpg","width":2241,"height":3013,"caption":"Wolfgang Resch \u00a9 Theresa Pewal"},{"@type":"WebPage","@id":"https:\/\/www.estherschollum.at\/en\/news\/wolfgang-resch-mit-grossen-operettenmelodien-in-bern\/#webpage","url":"https:\/\/www.estherschollum.at\/en\/news\/wolfgang-resch-mit-grossen-operettenmelodien-in-bern\/","name":"Wolfgang Resch with great operetta melodies in Bern - Esther Schollum Artists Management Wien","isPartOf":{"@id":"https:\/\/www.estherschollum.at\/#website"},"primaryImageOfPage":{"@id":"https:\/\/www.estherschollum.at\/en\/news\/wolfgang-resch-mit-grossen-operettenmelodien-in-bern\/#primaryimage"},"datePublished":"2026-04-28T18:54:51+00:00","dateModified":"2026-04-28T18:56:25+00:00","author":{"@id":"https:\/\/www.estherschollum.at\/#\/schema\/person\/d0172a5fb757f177b5f287fe9ad83291"},"breadcrumb":{"@id":"https:\/\/www.estherschollum.at\/en\/news\/wolfgang-resch-mit-grossen-operettenmelodien-in-bern\/#breadcrumb"},"inLanguage":"en-US","potentialAction":[{"@type":"ReadAction","target":["https:\/\/www.estherschollum.at\/en\/news\/wolfgang-resch-mit-grossen-operettenmelodien-in-bern\/"]}]},{"@type":"BreadcrumbList","@id":"https:\/\/www.estherschollum.at\/en\/news\/wolfgang-resch-mit-grossen-operettenmelodien-in-bern\/#breadcrumb","itemListElement":[{"@type":"ListItem","position":1,"name":"Home","item":"https:\/\/www.estherschollum.at\/en\/"},{"@type":"ListItem","position":2,"name":"Wolfgang Resch with great operetta melodies in Bern"}]},{"@type":"Person","@id":"https:\/\/www.estherschollum.at\/#\/schema\/person\/d0172a5fb757f177b5f287fe9ad83291","name":"Felix Kasza","image":{"@type":"ImageObject","@id":"https:\/\/www.estherschollum.at\/#personlogo","inLanguage":"en-US","url":"https:\/\/secure.gravatar.com\/avatar\/0d8bed9db95dfff9cf9a338e94b9e26c?s=96&d=mm&r=g","contentUrl":"https:\/\/secure.gravatar.com\/avatar\/0d8bed9db95dfff9cf9a338e94b9e26c?s=96&d=mm&r=g","caption":"Felix Kasza"},"sameAs":["http:\/\/host-107245.webhosting.magentabusiness.at\/estherschollum.at"],"url":"https:\/\/www.estherschollum.at\/en\/news\/author\/felixkasza\/"}]}},"_links":{"self":[{"href":"https:\/\/www.estherschollum.at\/en\/wp-json\/wp\/v2\/posts\/11687"}],"collection":[{"href":"https:\/\/www.estherschollum.at\/en\/wp-json\/wp\/v2\/posts"}],"about":[{"href":"https:\/\/www.estherschollum.at\/en\/wp-json\/wp\/v2\/types\/post"}],"author":[{"embeddable":true,"href":"https:\/\/www.estherschollum.at\/en\/wp-json\/wp\/v2\/users\/9"}],"replies":[{"embeddable":true,"href":"https:\/\/www.estherschollum.at\/en\/wp-json\/wp\/v2\/comments?post=11687"}],"version-history":[{"count":1,"href":"https:\/\/www.estherschollum.at\/en\/wp-json\/wp\/v2\/posts\/11687\/revisions"}],"predecessor-version":[{"id":11688,"href":"https:\/\/www.estherschollum.at\/en\/wp-json\/wp\/v2\/posts\/11687\/revisions\/11688"}],"wp:featuredmedia":[{"embeddable":true,"href":"https:\/\/www.estherschollum.at\/en\/wp-json\/wp\/v2\/media\/5810"}],"wp:attachment":[{"href":"https:\/\/www.estherschollum.at\/en\/wp-json\/wp\/v2\/media?parent=11687"}],"wp:term":[{"taxonomy":"category","embeddable":true,"href":"https:\/\/www.estherschollum.at\/en\/wp-json\/wp\/v2\/categories?post=11687"}],"curies":[{"name":"wp","href":"https:\/\/api.w.org\/{rel}","templated":true}]}}