{"id":11098,"date":"2025-06-09T17:38:15","date_gmt":"2025-06-09T16:38:15","guid":{"rendered":"https:\/\/www.estherschollum.at\/?p=11098"},"modified":"2025-06-09T17:38:15","modified_gmt":"2025-06-09T16:38:15","slug":"wolfgang-stefan-schwaiger-in-an-operetta-rarity-in-cologne","status":"publish","type":"post","link":"https:\/\/www.estherschollum.at\/en\/news\/wolfgang-stefan-schwaiger-in-an-operetta-rarity-in-cologne\/","title":{"rendered":"Wolfgang Stefan Schwaiger in an Operetta Rarity in Cologne"},"content":{"rendered":"<p>With the operetta\u00a0<a href=\"https:\/\/www.oper.koeln\/de\/produktionen\/eine-frau-von-format\/1007\"><em>Eine Frau von Format<\/em><\/a>\u00a0<em>(A Woman of Character)<\/em>, composer Michael Krasznay-Krausz\u2014who studied under Zolt\u00e1n Kod\u00e1ly\u2014achieved a sensational success at the Theater des Westens in Berlin in 1927. The work turns gender stereotypes and cultural prejudices upside down and playfully subverts them. Not long after its premiere, the work disappeared in the turmoil of dictatorship and Second World War. Now, it returns to the stage at the Cologne Opera; alongside Annette Dasch, who surprises audiences as the Turkish ambassador, Austrian baritone\u00a0<a href=\"https:\/\/www.estherschollum.at\/artists\/wolfgang-stefan-schwaiger\/\"><strong>Wolfgang Stefan Schwaiger<\/strong><\/a>\u00a0takes on the role of the Hungarian ambassador, Count G\u00e9za von T\u00f6k\u00f6li.<\/p>\n<h2>Cologne Opera<\/h2>\n<p>Michael Krasznay-Krausz:\u00a0<a href=\"https:\/\/www.oper.koeln\/de\/produktionen\/eine-frau-von-format\/1007\"><em>A Woman of Character<\/em><\/a><br \/>\n<a href=\"https:\/\/www.estherschollum.at\/artists\/wolfgang-stefan-schwaiger\/\">Wolfgang Stefan Schwaiger<\/a>: Count G\u00e9za von T\u00f6k\u00f6li<br \/>\n<strong>May 11, 2025 (Premiere), 16, 17, 23, 25, 27, 29; June 1, 4, 2025<\/strong><\/p>\n","protected":false},"excerpt":{"rendered":"<p>With the operetta\u00a0Eine Frau von Format\u00a0(A Woman of Character), composer Michael Krasznay-Krausz\u2014who studied under Zolt\u00e1n Kod\u00e1ly\u2014achieved a sensational success at\u2026<\/p>\n","protected":false},"author":5,"featured_media":0,"comment_status":"closed","ping_status":"closed","sticky":false,"template":"","format":"standard","meta":{"_monsterinsights_skip_tracking":false,"_monsterinsights_sitenote_active":false,"_monsterinsights_sitenote_note":"","_monsterinsights_sitenote_category":0},"categories":[202],"acf":[],"yoast_head":"<!-- This site is optimized with the Yoast SEO plugin v17.7 - https:\/\/yoast.com\/wordpress\/plugins\/seo\/ -->\n<title>Wolfgang Stefan Schwaiger in an Operetta Rarity in Cologne - Esther Schollum Artists Management Wien<\/title>\n<meta name=\"robots\" content=\"index, follow, max-snippet:-1, max-image-preview:large, max-video-preview:-1\" \/>\n<link rel=\"canonical\" href=\"https:\/\/www.estherschollum.at\/en\/news\/wolfgang-stefan-schwaiger-in-an-operetta-rarity-in-cologne\/\" \/>\n<meta property=\"og:locale\" content=\"en_US\" \/>\n<meta property=\"og:title\" content=\"Wolfgang Stefan Schwaiger in an Operetta Rarity in Cologne - Esther Schollum Artists Management Wien\" \/>\n<meta property=\"og:description\" content=\"With the operetta\u00a0Eine Frau von Format\u00a0(A Woman of Character), composer Michael Krasznay-Krausz\u2014who studied under Zolt\u00e1n Kod\u00e1ly\u2014achieved a sensational success at\u2026\" \/>\n<meta property=\"og:url\" content=\"https:\/\/www.estherschollum.at\/en\/news\/wolfgang-stefan-schwaiger-in-an-operetta-rarity-in-cologne\/\" \/>\n<meta property=\"og:site_name\" content=\"Esther Schollum Artists Management Wien\" \/>\n<meta property=\"article:published_time\" content=\"2025-06-09T16:38:15+00:00\" \/>\n<meta name=\"twitter:card\" content=\"summary_large_image\" \/>\n<meta name=\"twitter:label1\" content=\"Written by\" \/>\n\t<meta name=\"twitter:data1\" content=\"Esther Schollum\" \/>\n\t<meta name=\"twitter:label2\" content=\"Est. reading time\" \/>\n\t<meta name=\"twitter:data2\" content=\"1 minute\" \/>\n<script type=\"application\/ld+json\" class=\"yoast-schema-graph\">{\"@context\":\"https:\/\/schema.org\",\"@graph\":[{\"@type\":\"WebSite\",\"@id\":\"https:\/\/www.estherschollum.at\/#website\",\"url\":\"https:\/\/www.estherschollum.at\/\",\"name\":\"Esther Schollum Artists Management Wien\",\"description\":\"Esther Schollum Artists Management\",\"potentialAction\":[{\"@type\":\"SearchAction\",\"target\":{\"@type\":\"EntryPoint\",\"urlTemplate\":\"https:\/\/www.estherschollum.at\/?s={search_term_string}\"},\"query-input\":\"required name=search_term_string\"}],\"inLanguage\":\"en-US\"},{\"@type\":\"WebPage\",\"@id\":\"https:\/\/www.estherschollum.at\/en\/news\/wolfgang-stefan-schwaiger-in-an-operetta-rarity-in-cologne\/#webpage\",\"url\":\"https:\/\/www.estherschollum.at\/en\/news\/wolfgang-stefan-schwaiger-in-an-operetta-rarity-in-cologne\/\",\"name\":\"Wolfgang Stefan Schwaiger in an Operetta Rarity in Cologne - Esther Schollum Artists Management Wien\",\"isPartOf\":{\"@id\":\"https:\/\/www.estherschollum.at\/#website\"},\"datePublished\":\"2025-06-09T16:38:15+00:00\",\"dateModified\":\"2025-06-09T16:38:15+00:00\",\"author\":{\"@id\":\"https:\/\/www.estherschollum.at\/#\/schema\/person\/cb660c3782d70e542ae20d5ab703c134\"},\"breadcrumb\":{\"@id\":\"https:\/\/www.estherschollum.at\/en\/news\/wolfgang-stefan-schwaiger-in-an-operetta-rarity-in-cologne\/#breadcrumb\"},\"inLanguage\":\"en-US\",\"potentialAction\":[{\"@type\":\"ReadAction\",\"target\":[\"https:\/\/www.estherschollum.at\/en\/news\/wolfgang-stefan-schwaiger-in-an-operetta-rarity-in-cologne\/\"]}]},{\"@type\":\"BreadcrumbList\",\"@id\":\"https:\/\/www.estherschollum.at\/en\/news\/wolfgang-stefan-schwaiger-in-an-operetta-rarity-in-cologne\/#breadcrumb\",\"itemListElement\":[{\"@type\":\"ListItem\",\"position\":1,\"name\":\"Home\",\"item\":\"https:\/\/www.estherschollum.at\/en\/\"},{\"@type\":\"ListItem\",\"position\":2,\"name\":\"Wolfgang Stefan Schwaiger in an Operetta Rarity in Cologne\"}]},{\"@type\":\"Person\",\"@id\":\"https:\/\/www.estherschollum.at\/#\/schema\/person\/cb660c3782d70e542ae20d5ab703c134\",\"name\":\"Esther Schollum\",\"image\":{\"@type\":\"ImageObject\",\"@id\":\"https:\/\/www.estherschollum.at\/#personlogo\",\"inLanguage\":\"en-US\",\"url\":\"https:\/\/secure.gravatar.com\/avatar\/10c2501ce3e8a2124574391dae02e063?s=96&d=mm&r=g\",\"contentUrl\":\"https:\/\/secure.gravatar.com\/avatar\/10c2501ce3e8a2124574391dae02e063?s=96&d=mm&r=g\",\"caption\":\"Esther Schollum\"},\"sameAs\":[\"https:\/\/www.estherschollum.at\/\"],\"url\":\"https:\/\/www.estherschollum.at\/en\/news\/author\/schollum\/\"}]}<\/script>\n<!-- \/ Yoast SEO plugin. -->","yoast_head_json":{"title":"Wolfgang Stefan Schwaiger in an Operetta Rarity in Cologne - Esther Schollum Artists Management Wien","robots":{"index":"index","follow":"follow","max-snippet":"max-snippet:-1","max-image-preview":"max-image-preview:large","max-video-preview":"max-video-preview:-1"},"canonical":"https:\/\/www.estherschollum.at\/en\/news\/wolfgang-stefan-schwaiger-in-an-operetta-rarity-in-cologne\/","og_locale":"en_US","og_title":"Wolfgang Stefan Schwaiger in an Operetta Rarity in Cologne - Esther Schollum Artists Management Wien","og_description":"With the operetta\u00a0Eine Frau von Format\u00a0(A Woman of Character), composer Michael Krasznay-Krausz\u2014who studied under Zolt\u00e1n Kod\u00e1ly\u2014achieved a sensational success at\u2026","og_url":"https:\/\/www.estherschollum.at\/en\/news\/wolfgang-stefan-schwaiger-in-an-operetta-rarity-in-cologne\/","og_site_name":"Esther Schollum Artists Management Wien","article_published_time":"2025-06-09T16:38:15+00:00","twitter_card":"summary_large_image","twitter_misc":{"Written by":"Esther Schollum","Est. reading time":"1 minute"},"schema":{"@context":"https:\/\/schema.org","@graph":[{"@type":"WebSite","@id":"https:\/\/www.estherschollum.at\/#website","url":"https:\/\/www.estherschollum.at\/","name":"Esther Schollum Artists Management Wien","description":"Esther Schollum Artists Management","potentialAction":[{"@type":"SearchAction","target":{"@type":"EntryPoint","urlTemplate":"https:\/\/www.estherschollum.at\/?s={search_term_string}"},"query-input":"required name=search_term_string"}],"inLanguage":"en-US"},{"@type":"WebPage","@id":"https:\/\/www.estherschollum.at\/en\/news\/wolfgang-stefan-schwaiger-in-an-operetta-rarity-in-cologne\/#webpage","url":"https:\/\/www.estherschollum.at\/en\/news\/wolfgang-stefan-schwaiger-in-an-operetta-rarity-in-cologne\/","name":"Wolfgang Stefan Schwaiger in an Operetta Rarity in Cologne - Esther Schollum Artists Management Wien","isPartOf":{"@id":"https:\/\/www.estherschollum.at\/#website"},"datePublished":"2025-06-09T16:38:15+00:00","dateModified":"2025-06-09T16:38:15+00:00","author":{"@id":"https:\/\/www.estherschollum.at\/#\/schema\/person\/cb660c3782d70e542ae20d5ab703c134"},"breadcrumb":{"@id":"https:\/\/www.estherschollum.at\/en\/news\/wolfgang-stefan-schwaiger-in-an-operetta-rarity-in-cologne\/#breadcrumb"},"inLanguage":"en-US","potentialAction":[{"@type":"ReadAction","target":["https:\/\/www.estherschollum.at\/en\/news\/wolfgang-stefan-schwaiger-in-an-operetta-rarity-in-cologne\/"]}]},{"@type":"BreadcrumbList","@id":"https:\/\/www.estherschollum.at\/en\/news\/wolfgang-stefan-schwaiger-in-an-operetta-rarity-in-cologne\/#breadcrumb","itemListElement":[{"@type":"ListItem","position":1,"name":"Home","item":"https:\/\/www.estherschollum.at\/en\/"},{"@type":"ListItem","position":2,"name":"Wolfgang Stefan Schwaiger in an Operetta Rarity in Cologne"}]},{"@type":"Person","@id":"https:\/\/www.estherschollum.at\/#\/schema\/person\/cb660c3782d70e542ae20d5ab703c134","name":"Esther Schollum","image":{"@type":"ImageObject","@id":"https:\/\/www.estherschollum.at\/#personlogo","inLanguage":"en-US","url":"https:\/\/secure.gravatar.com\/avatar\/10c2501ce3e8a2124574391dae02e063?s=96&d=mm&r=g","contentUrl":"https:\/\/secure.gravatar.com\/avatar\/10c2501ce3e8a2124574391dae02e063?s=96&d=mm&r=g","caption":"Esther Schollum"},"sameAs":["https:\/\/www.estherschollum.at\/"],"url":"https:\/\/www.estherschollum.at\/en\/news\/author\/schollum\/"}]}},"_links":{"self":[{"href":"https:\/\/www.estherschollum.at\/en\/wp-json\/wp\/v2\/posts\/11098"}],"collection":[{"href":"https:\/\/www.estherschollum.at\/en\/wp-json\/wp\/v2\/posts"}],"about":[{"href":"https:\/\/www.estherschollum.at\/en\/wp-json\/wp\/v2\/types\/post"}],"author":[{"embeddable":true,"href":"https:\/\/www.estherschollum.at\/en\/wp-json\/wp\/v2\/users\/5"}],"replies":[{"embeddable":true,"href":"https:\/\/www.estherschollum.at\/en\/wp-json\/wp\/v2\/comments?post=11098"}],"version-history":[{"count":1,"href":"https:\/\/www.estherschollum.at\/en\/wp-json\/wp\/v2\/posts\/11098\/revisions"}],"predecessor-version":[{"id":11099,"href":"https:\/\/www.estherschollum.at\/en\/wp-json\/wp\/v2\/posts\/11098\/revisions\/11099"}],"wp:attachment":[{"href":"https:\/\/www.estherschollum.at\/en\/wp-json\/wp\/v2\/media?parent=11098"}],"wp:term":[{"taxonomy":"category","embeddable":true,"href":"https:\/\/www.estherschollum.at\/en\/wp-json\/wp\/v2\/categories?post=11098"}],"curies":[{"name":"wp","href":"https:\/\/api.w.org\/{rel}","templated":true}]}}