{"id":10679,"date":"2024-10-28T16:14:40","date_gmt":"2024-10-28T15:14:40","guid":{"rendered":"https:\/\/www.estherschollum.at\/?p=10679"},"modified":"2024-10-28T16:14:40","modified_gmt":"2024-10-28T15:14:40","slug":"sophie-rennert-at-the-theater-an-der-wien","status":"publish","type":"post","link":"https:\/\/www.estherschollum.at\/en\/news\/sophie-rennert-at-the-theater-an-der-wien\/","title":{"rendered":"Sophie Rennert at the Theater an der Wien"},"content":{"rendered":"<p><em>\u201cBizet\u2019s operatic classic with a spectacular Sophie Rennert\u205f<\/em><em>\u2014\u205f<\/em><em>proud, vulnerable, and impactful: an extraordinary role debut by Sophie Rennert<\/em><em>\u201d<\/em>: Thus headlined the S\u00fcddeutsche Zeitung after the premiere of Bizet\u2019s  at the Munich G\u00e4rtnerplatztheater. Having claimed her place among the top singers for early music,  recently also impressed audiences as Rosina in <em>Il barbiere di Siviglia<\/em>, Dorabella in <em>Cos\u00ec fan tutte<\/em>, Niklausse in <em>Les Contes d\u2019Hoffmann<\/em>, and Charlotte in <em>Werther<\/em>; now, she has added a masterful Carmen to the list.<\/p>\n<p>Her next stop is Vienna, where she will perform in the concert rendition of Schumann\u2019s  under the musical direction of Giedr\u0117 \u0160lekyt\u0117 at the newly reopened Theater an der Wien.<\/p>\n<h2>Theater an der Wien<\/h2>\n<p>Robert Schumann:<br \/>\n: mezzo-soprano<br \/>\n<strong>Nov 15.<\/strong><\/p>\n","protected":false},"excerpt":{"rendered":"<p>\u201cBizet\u2019s operatic classic with a spectacular Sophie Rennert\u205f\u2014\u205fproud, vulnerable, and impactful: an extraordinary role debut by Sophie Rennert\u201d: Thus headlined\u2026<\/p>\n","protected":false},"author":5,"featured_media":0,"comment_status":"closed","ping_status":"closed","sticky":false,"template":"","format":"standard","meta":{"_monsterinsights_skip_tracking":false,"_monsterinsights_sitenote_active":false,"_monsterinsights_sitenote_note":"","_monsterinsights_sitenote_category":0},"categories":[188],"acf":[],"yoast_head":"<!-- This site is optimized with the Yoast SEO plugin v17.7 - https:\/\/yoast.com\/wordpress\/plugins\/seo\/ -->\n<title>Sophie Rennert at the Theater an der Wien - Esther Schollum Artists Management Wien<\/title>\n<meta name=\"robots\" content=\"index, follow, max-snippet:-1, max-image-preview:large, max-video-preview:-1\" \/>\n<link rel=\"canonical\" href=\"https:\/\/www.estherschollum.at\/en\/news\/sophie-rennert-at-the-theater-an-der-wien\/\" \/>\n<meta property=\"og:locale\" content=\"en_US\" \/>\n<meta property=\"og:title\" content=\"Sophie Rennert at the Theater an der Wien - Esther Schollum Artists Management Wien\" \/>\n<meta property=\"og:description\" content=\"\u201cBizet\u2019s operatic classic with a spectacular Sophie Rennert\u205f\u2014\u205fproud, vulnerable, and impactful: an extraordinary role debut by Sophie Rennert\u201d: Thus headlined\u2026\" \/>\n<meta property=\"og:url\" content=\"https:\/\/www.estherschollum.at\/en\/news\/sophie-rennert-at-the-theater-an-der-wien\/\" \/>\n<meta property=\"og:site_name\" content=\"Esther Schollum Artists Management Wien\" \/>\n<meta property=\"article:published_time\" content=\"2024-10-28T15:14:40+00:00\" \/>\n<meta name=\"twitter:card\" content=\"summary_large_image\" \/>\n<meta name=\"twitter:label1\" content=\"Written by\" \/>\n\t<meta name=\"twitter:data1\" content=\"Esther Schollum\" \/>\n\t<meta name=\"twitter:label2\" content=\"Est. reading time\" \/>\n\t<meta name=\"twitter:data2\" content=\"1 minute\" \/>\n<script type=\"application\/ld+json\" class=\"yoast-schema-graph\">{\"@context\":\"https:\/\/schema.org\",\"@graph\":[{\"@type\":\"WebSite\",\"@id\":\"https:\/\/www.estherschollum.at\/#website\",\"url\":\"https:\/\/www.estherschollum.at\/\",\"name\":\"Esther Schollum Artists Management Wien\",\"description\":\"Esther Schollum Artists Management\",\"potentialAction\":[{\"@type\":\"SearchAction\",\"target\":{\"@type\":\"EntryPoint\",\"urlTemplate\":\"https:\/\/www.estherschollum.at\/?s={search_term_string}\"},\"query-input\":\"required name=search_term_string\"}],\"inLanguage\":\"en-US\"},{\"@type\":\"WebPage\",\"@id\":\"https:\/\/www.estherschollum.at\/en\/news\/sophie-rennert-at-the-theater-an-der-wien\/#webpage\",\"url\":\"https:\/\/www.estherschollum.at\/en\/news\/sophie-rennert-at-the-theater-an-der-wien\/\",\"name\":\"Sophie Rennert at the Theater an der Wien - Esther Schollum Artists Management Wien\",\"isPartOf\":{\"@id\":\"https:\/\/www.estherschollum.at\/#website\"},\"datePublished\":\"2024-10-28T15:14:40+00:00\",\"dateModified\":\"2024-10-28T15:14:40+00:00\",\"author\":{\"@id\":\"https:\/\/www.estherschollum.at\/#\/schema\/person\/cb660c3782d70e542ae20d5ab703c134\"},\"breadcrumb\":{\"@id\":\"https:\/\/www.estherschollum.at\/en\/news\/sophie-rennert-at-the-theater-an-der-wien\/#breadcrumb\"},\"inLanguage\":\"en-US\",\"potentialAction\":[{\"@type\":\"ReadAction\",\"target\":[\"https:\/\/www.estherschollum.at\/en\/news\/sophie-rennert-at-the-theater-an-der-wien\/\"]}]},{\"@type\":\"BreadcrumbList\",\"@id\":\"https:\/\/www.estherschollum.at\/en\/news\/sophie-rennert-at-the-theater-an-der-wien\/#breadcrumb\",\"itemListElement\":[{\"@type\":\"ListItem\",\"position\":1,\"name\":\"Home\",\"item\":\"https:\/\/www.estherschollum.at\/en\/\"},{\"@type\":\"ListItem\",\"position\":2,\"name\":\"Sophie Rennert at the Theater an der Wien\"}]},{\"@type\":\"Person\",\"@id\":\"https:\/\/www.estherschollum.at\/#\/schema\/person\/cb660c3782d70e542ae20d5ab703c134\",\"name\":\"Esther Schollum\",\"image\":{\"@type\":\"ImageObject\",\"@id\":\"https:\/\/www.estherschollum.at\/#personlogo\",\"inLanguage\":\"en-US\",\"url\":\"https:\/\/secure.gravatar.com\/avatar\/10c2501ce3e8a2124574391dae02e063?s=96&d=mm&r=g\",\"contentUrl\":\"https:\/\/secure.gravatar.com\/avatar\/10c2501ce3e8a2124574391dae02e063?s=96&d=mm&r=g\",\"caption\":\"Esther Schollum\"},\"sameAs\":[\"https:\/\/www.estherschollum.at\/\"],\"url\":\"https:\/\/www.estherschollum.at\/en\/news\/author\/schollum\/\"}]}<\/script>\n<!-- \/ Yoast SEO plugin. -->","yoast_head_json":{"title":"Sophie Rennert at the Theater an der Wien - Esther Schollum Artists Management Wien","robots":{"index":"index","follow":"follow","max-snippet":"max-snippet:-1","max-image-preview":"max-image-preview:large","max-video-preview":"max-video-preview:-1"},"canonical":"https:\/\/www.estherschollum.at\/en\/news\/sophie-rennert-at-the-theater-an-der-wien\/","og_locale":"en_US","og_title":"Sophie Rennert at the Theater an der Wien - Esther Schollum Artists Management Wien","og_description":"\u201cBizet\u2019s operatic classic with a spectacular Sophie Rennert\u205f\u2014\u205fproud, vulnerable, and impactful: an extraordinary role debut by Sophie Rennert\u201d: Thus headlined\u2026","og_url":"https:\/\/www.estherschollum.at\/en\/news\/sophie-rennert-at-the-theater-an-der-wien\/","og_site_name":"Esther Schollum Artists Management Wien","article_published_time":"2024-10-28T15:14:40+00:00","twitter_card":"summary_large_image","twitter_misc":{"Written by":"Esther Schollum","Est. reading time":"1 minute"},"schema":{"@context":"https:\/\/schema.org","@graph":[{"@type":"WebSite","@id":"https:\/\/www.estherschollum.at\/#website","url":"https:\/\/www.estherschollum.at\/","name":"Esther Schollum Artists Management Wien","description":"Esther Schollum Artists Management","potentialAction":[{"@type":"SearchAction","target":{"@type":"EntryPoint","urlTemplate":"https:\/\/www.estherschollum.at\/?s={search_term_string}"},"query-input":"required name=search_term_string"}],"inLanguage":"en-US"},{"@type":"WebPage","@id":"https:\/\/www.estherschollum.at\/en\/news\/sophie-rennert-at-the-theater-an-der-wien\/#webpage","url":"https:\/\/www.estherschollum.at\/en\/news\/sophie-rennert-at-the-theater-an-der-wien\/","name":"Sophie Rennert at the Theater an der Wien - Esther Schollum Artists Management Wien","isPartOf":{"@id":"https:\/\/www.estherschollum.at\/#website"},"datePublished":"2024-10-28T15:14:40+00:00","dateModified":"2024-10-28T15:14:40+00:00","author":{"@id":"https:\/\/www.estherschollum.at\/#\/schema\/person\/cb660c3782d70e542ae20d5ab703c134"},"breadcrumb":{"@id":"https:\/\/www.estherschollum.at\/en\/news\/sophie-rennert-at-the-theater-an-der-wien\/#breadcrumb"},"inLanguage":"en-US","potentialAction":[{"@type":"ReadAction","target":["https:\/\/www.estherschollum.at\/en\/news\/sophie-rennert-at-the-theater-an-der-wien\/"]}]},{"@type":"BreadcrumbList","@id":"https:\/\/www.estherschollum.at\/en\/news\/sophie-rennert-at-the-theater-an-der-wien\/#breadcrumb","itemListElement":[{"@type":"ListItem","position":1,"name":"Home","item":"https:\/\/www.estherschollum.at\/en\/"},{"@type":"ListItem","position":2,"name":"Sophie Rennert at the Theater an der Wien"}]},{"@type":"Person","@id":"https:\/\/www.estherschollum.at\/#\/schema\/person\/cb660c3782d70e542ae20d5ab703c134","name":"Esther Schollum","image":{"@type":"ImageObject","@id":"https:\/\/www.estherschollum.at\/#personlogo","inLanguage":"en-US","url":"https:\/\/secure.gravatar.com\/avatar\/10c2501ce3e8a2124574391dae02e063?s=96&d=mm&r=g","contentUrl":"https:\/\/secure.gravatar.com\/avatar\/10c2501ce3e8a2124574391dae02e063?s=96&d=mm&r=g","caption":"Esther Schollum"},"sameAs":["https:\/\/www.estherschollum.at\/"],"url":"https:\/\/www.estherschollum.at\/en\/news\/author\/schollum\/"}]}},"_links":{"self":[{"href":"https:\/\/www.estherschollum.at\/en\/wp-json\/wp\/v2\/posts\/10679"}],"collection":[{"href":"https:\/\/www.estherschollum.at\/en\/wp-json\/wp\/v2\/posts"}],"about":[{"href":"https:\/\/www.estherschollum.at\/en\/wp-json\/wp\/v2\/types\/post"}],"author":[{"embeddable":true,"href":"https:\/\/www.estherschollum.at\/en\/wp-json\/wp\/v2\/users\/5"}],"replies":[{"embeddable":true,"href":"https:\/\/www.estherschollum.at\/en\/wp-json\/wp\/v2\/comments?post=10679"}],"version-history":[{"count":1,"href":"https:\/\/www.estherschollum.at\/en\/wp-json\/wp\/v2\/posts\/10679\/revisions"}],"predecessor-version":[{"id":10680,"href":"https:\/\/www.estherschollum.at\/en\/wp-json\/wp\/v2\/posts\/10679\/revisions\/10680"}],"wp:attachment":[{"href":"https:\/\/www.estherschollum.at\/en\/wp-json\/wp\/v2\/media?parent=10679"}],"wp:term":[{"taxonomy":"category","embeddable":true,"href":"https:\/\/www.estherschollum.at\/en\/wp-json\/wp\/v2\/categories?post=10679"}],"curies":[{"name":"wp","href":"https:\/\/api.w.org\/{rel}","templated":true}]}}